{"id":89,"date":"2014-07-11T20:42:39","date_gmt":"2014-07-11T20:42:39","guid":{"rendered":"http:\/\/www.asinda.cl\/?p=89"},"modified":"2014-07-11T21:39:04","modified_gmt":"2014-07-11T21:39:04","slug":"municipalidad-de-arica-y-asinda-acuerdan-trabajo-permanente-por-el-futuro-de-la-ciudad","status":"publish","type":"post","link":"https:\/\/www.asinda.cl\/?p=89","title":{"rendered":"Municipalidad de Arica y Asinda acuerdan trabajo permanente por el futuro de la ciudad"},"content":{"rendered":"<p><a href=\"https:\/\/www.asinda.cl\/wp-content\/uploads\/alcalde_Asinda2014.jpg\"><img loading=\"lazy\" decoding=\"async\" class=\"alignnone size-full wp-image-86\" src=\"https:\/\/www.asinda.cl\/wp-content\/uploads\/alcalde_Asinda2014.jpg\" alt=\"alcalde_Asinda2014\" width=\"633\" height=\"332\" srcset=\"https:\/\/www.asinda.cl\/wp-content\/uploads\/alcalde_Asinda2014.jpg 633w, https:\/\/www.asinda.cl\/wp-content\/uploads\/alcalde_Asinda2014-300x157.jpg 300w\" sizes=\"auto, (max-width: 633px) 100vw, 633px\" \/><\/a><\/p>\n<p style=\"text-align: justify;\">As\u00ed lo confirmaron el alcalde Salvador Urrutia y el presidente de los industriales arique\u00f1os, Roberto Quintana, tras reunirse para analizar los temas que son de inter\u00e9s para la comuna.<\/p>\n<p style=\"text-align: justify;\">La posibilidad de concretar una alianza de contacto permanente entre la Municipalidad de Arica y la Asociaci\u00f3n de Industriales de Arica (Asinda), suscribi\u00f3 hoy el alcalde de Arica, doctor Salvador Urrutia, con la directiva de esta entidad, encabezada por su presidente Roberto Quintana, y as\u00ed trabajar unidos por el desarrollo y crecimiento de la comuna.<\/p>\n<p style=\"text-align: justify;\">El acuerdo se lleg\u00f3 tras una reuni\u00f3n sostenida en la Sala Fundaci\u00f3n entre la autoridad municipal y el directorio de Asinda, oportunidad en que dieron a conocer las necesidades y visiones de este sector productivo de la regi\u00f3n.<\/p>\n<p style=\"text-align: justify;\">Resaltaron la falta de terrenos para nuevas instalaciones industriales, indicando que ya han visualizado 100 hect\u00e1reas, ubicadas frente al Parque Chacalluta, y que ser\u00edan ideales para levantar un nuevo Barrio Industrial, ya que en el actual hay una serie de problemas como son las calles oscuras y sucias, y mucho cami\u00f3n boliviano mal estacionado, a lo que el municipio comprometi\u00f3 aportar para su mejor\u00eda.<\/p>\n<p style=\"text-align: justify;\">Tambi\u00e9n proponen la construcci\u00f3n de un megapuerto en la frontera con Per\u00fa, que resolver\u00eda la necesidades que tiene el actual recinto, que podr\u00eda ser aprovechado para puerto artesanal, paseo peatonal, y as\u00ed Arica quedar\u00eda en condiciones de formar parte de una ruta bioc\u00e9anica.<\/p>\n<p style=\"text-align: justify;\"><strong>ASEGURAR TERRENOS<\/strong><\/p>\n<p style=\"text-align: justify;\">El jefe comunal destac\u00f3 que Asinda tiene una enorme importancia en la actividad de Arica y no s\u00f3lo en la econ\u00f3mica sino que tambi\u00e9n en el crecimiento y visi\u00f3n de ciudad. \u201cAsinda tiene muchas ideas y preocupaciones por su quehacer y tambi\u00e9n del crecimiento de la ciudad. Hemos visto la necesidad de comenzar asegurar terrenos para una expansi\u00f3n industrial ante un posible traslado del actual Barrio Industrial a otro que est\u00e9 alejado de la ciudad\u201d.<\/p>\n<p style=\"text-align: justify;\">El alcalde Urrutia resalt\u00f3 la importancia de una alianza entre Asinda y Daem para potenciar la educaci\u00f3n en establecimientos t\u00e9cnico profesionales de la ciudad. \u201cTambi\u00e9n Asinda nos colaborar\u00e1 con los liceos t\u00e9cnicos, para que la pr\u00e1ctica profesional y capacitaci\u00f3n de los alumnos reciba el apoyo de las industrias actualmente instaladas en Arica; y as\u00ed adquieran los escolares un conocimiento directo en las condiciones reales de trabajo, permiti\u00e9ndoles que su egreso sea preparados para llegar al mundo laboral\u201d.<\/p>\n<p style=\"text-align: justify;\">Mientras que Roberto Quintana conf\u00eda que lo expuesto al alcalde pueda materializarse con el trabajo junto a la Municipalidad de Arica. \u201cNos parece excelente poder plantear nuestras necesidades e inquietudes y entendemos que el alcalde es bastante receptivo, por lo que tenemos confianza que algo de lo planteado pueda materializarse. Desde lo sectorial, ojal\u00e1 podamos contar con un pa\u00f1o de terreno para instalar a las nuevas empresas e industrias y aquellas que est\u00e1n hoy en el Barrio Industrial y que deban salir de all\u00ed en el mediano o largo plazo\u201d.<\/p>\n","protected":false},"excerpt":{"rendered":"<p>As\u00ed lo confirmaron el alcalde Salvador Urrutia y el presidente de los industriales arique\u00f1os, Roberto Quintana, tras reunirse para analizar los temas que son de inter\u00e9s para la comuna. La posibilidad de concretar una alianza de contacto permanente entre la Municipalidad de Arica y la Asociaci\u00f3n de Industriales de Arica (Asinda), suscribi\u00f3 hoy el alcalde [&hellip;]<\/p>\n","protected":false},"author":1,"featured_media":0,"comment_status":"closed","ping_status":"closed","sticky":false,"template":"","format":"standard","meta":{"footnotes":""},"categories":[1],"tags":[],"class_list":["post-89","post","type-post","status-publish","format-standard","hentry","category-sin-categoria"],"_links":{"self":[{"href":"https:\/\/www.asinda.cl\/index.php?rest_route=\/wp\/v2\/posts\/89","targetHints":{"allow":["GET"]}}],"collection":[{"href":"https:\/\/www.asinda.cl\/index.php?rest_route=\/wp\/v2\/posts"}],"about":[{"href":"https:\/\/www.asinda.cl\/index.php?rest_route=\/wp\/v2\/types\/post"}],"author":[{"embeddable":true,"href":"https:\/\/www.asinda.cl\/index.php?rest_route=\/wp\/v2\/users\/1"}],"replies":[{"embeddable":true,"href":"https:\/\/www.asinda.cl\/index.php?rest_route=%2Fwp%2Fv2%2Fcomments&post=89"}],"version-history":[{"count":2,"href":"https:\/\/www.asinda.cl\/index.php?rest_route=\/wp\/v2\/posts\/89\/revisions"}],"predecessor-version":[{"id":117,"href":"https:\/\/www.asinda.cl\/index.php?rest_route=\/wp\/v2\/posts\/89\/revisions\/117"}],"wp:attachment":[{"href":"https:\/\/www.asinda.cl\/index.php?rest_route=%2Fwp%2Fv2%2Fmedia&parent=89"}],"wp:term":[{"taxonomy":"category","embeddable":true,"href":"https:\/\/www.asinda.cl\/index.php?rest_route=%2Fwp%2Fv2%2Fcategories&post=89"},{"taxonomy":"post_tag","embeddable":true,"href":"https:\/\/www.asinda.cl\/index.php?rest_route=%2Fwp%2Fv2%2Ftags&post=89"}],"curies":[{"name":"wp","href":"https:\/\/api.w.org\/{rel}","templated":true}]}}