{"id":638,"date":"2016-05-09T14:58:54","date_gmt":"2016-05-09T14:58:54","guid":{"rendered":"http:\/\/www.asinda.cl\/?p=638"},"modified":"2016-05-09T14:58:54","modified_gmt":"2016-05-09T14:58:54","slug":"el-tpp-traera-grandes-beneficios-para-chile-y-en-especial-para-las-regiones","status":"publish","type":"post","link":"https:\/\/www.asinda.cl\/?p=638","title":{"rendered":"EL TPP TRAER\u00c1 GRANDES BENEFICIOS PARA  CHILE Y, EN ESPECIAL, PARA LAS REGIONES"},"content":{"rendered":"<div id=\"attachment_639\" style=\"width: 310px\" class=\"wp-caption aligncenter\"><img loading=\"lazy\" decoding=\"async\" aria-describedby=\"caption-attachment-639\" class=\"size-medium wp-image-639\" src=\"https:\/\/www.asinda.cl\/wp-content\/uploads\/SOFOFA-INTENDENTA1-300x169.jpg\" alt=\"Presidente de la SOFOFA vino a Arica para explicar los alcances de dicho tratado internacional\" width=\"300\" height=\"169\" srcset=\"https:\/\/www.asinda.cl\/wp-content\/uploads\/SOFOFA-INTENDENTA1-300x169.jpg 300w, https:\/\/www.asinda.cl\/wp-content\/uploads\/SOFOFA-INTENDENTA1-768x432.jpg 768w, https:\/\/www.asinda.cl\/wp-content\/uploads\/SOFOFA-INTENDENTA1-1024x576.jpg 1024w, https:\/\/www.asinda.cl\/wp-content\/uploads\/SOFOFA-INTENDENTA1.jpg 1959w\" sizes=\"auto, (max-width: 300px) 100vw, 300px\" \/><p id=\"caption-attachment-639\" class=\"wp-caption-text\">Presidente de la SOFOFA vino a Arica para explicar los alcances de dicho tratado internacional<\/p><\/div>\n<p>&nbsp;<\/p>\n<p style=\"text-align: justify;\">El presidente de la Sociedad de Fomento Fabril- SOFOFA, Hermann von M\u00fchlenbrock, visit\u00f3 Arica acompa\u00f1ado de varios gerentes de ese organismo, con el fin\u00a0 de difundir los beneficios que tiene para nuestro pa\u00eds- y para las regiones mayoritariamente- el \u201cAcuerdo Transpac\u00edfico de Colaboraci\u00f3n Econ\u00f3mica\u201d, conocido por las siglas en ingl\u00e9s TPP, que ya firm\u00f3 Chile junto a otros doce pa\u00edses.<\/p>\n<p style=\"text-align: justify;\">Dicho acuerdo involucra a naciones como EE.UU. Jap\u00f3n, Australia, Nueva Zelanda, Malasia, Brunei, Singapur, Vietnam, Canad\u00e1, y los latinoamericanos M\u00e9xico, Per\u00fa y Chile.<\/p>\n<p style=\"text-align: justify;\">El TPP constituye el mayor acuerdo comercial regional de la historia, que englobar\u00eda a un 40% de la econom\u00eda mundial bajo un nuevo marco normativo para el comercio.<\/p>\n<p style=\"text-align: justify;\">En ese contexto, la Sofofa junto a la Asociaci\u00f3n de Industriales de Arica- Asinda, organiz\u00f3 el Seminario \u201cAcuerdo Transpac\u00edfico de Colaboraci\u00f3n Econ\u00f3mica\u201d, que se realiz\u00f3 en el Hotel Arica, con alta asistencia.<!--more--><\/p>\n<h3 style=\"text-align: justify;\">TRATADO MUY BENEFICIOSO<\/h3>\n<p style=\"text-align: justify;\">Para Hermann von M\u00fchlenbrock, el Tratado ser\u00e1\u00a0 muy beneficioso para el pa\u00eds y, en especial, para las regiones. Coment\u00f3 que Arica es definida como una ciudad PP, es decir, Puerto y Puerta, por ser la entrada a Chile desde Per\u00fa y poseer un puerto internacional.<\/p>\n<p style=\"text-align: justify;\">\u201cConversando con muchos empresarios locales, la relaci\u00f3n con Bolivia es algo que desde el sur se ve poco, como tambi\u00e9n poco se sabe que el 80 por ciento de la carga del puerto es boliviana. O sea, es otra la dimensi\u00f3n que tiene Arica, por lo que m\u00e1s que mirar a Santiago, Arica debe mirar a Lima y a La Paz. Es ah\u00ed donde est\u00e1 su gran desarrollo.\u201d<\/p>\n<p style=\"text-align: justify;\">Requerido sobre cu\u00e1les son los beneficios que el TPP entregar\u00e1 a nuestro pa\u00eds, explic\u00f3 que b\u00e1sicamente se est\u00e1n abriendo mercados para muchos productos que antes no estaban en los tratados.<\/p>\n<p style=\"text-align: justify;\">\u201cChile tiene Tratados con todos los pa\u00edses que integran el TPP. Hay productos que en los tratados bilaterales no estaban, ahora van a estar. Hay productos que estaban con regulaci\u00f3n lenta, ahora pasan a regulaci\u00f3n acelerada. Nos abre un comercio tremendo, puesto que estamos hablando de 800 millones de personas y adem\u00e1s con un PIB bastante alto como Estados Unidos y Jap\u00f3n. Estamos hablando de un 40% del mundo, el 30% del comercio se hace en esos pa\u00edses.\u201d<\/p>\n<p style=\"text-align: justify;\">Otro hecho que mencion\u00f3 el ejecutivo, m\u00e1s t\u00e9cnico, es lo que se llama acumulaci\u00f3n de origen. \u201cPuedo traer un tarro que a lo mejor en\u00a0 Chile se hacen de hojalata mexicana, traigo una pi\u00f1a del Per\u00fa, la introduzco dentro del tarro, lo mando a Estados Unidos y es producto chileno . Eso hoy d\u00eda no se puede hacer en nuestro pa\u00eds, a excepci\u00f3n de la zona franca industrial que tienen ustedes, pero como Chile no.\u201d<\/p>\n<p style=\"text-align: justify;\">Lo anterior, seg\u00fan dijo, va a generar una creatividad de ver qu\u00e9 cosas podemos traer desde estos distintos pa\u00edses obviamente para exp\u00f3rtalos- tras el proceso- a esos mismos pa\u00edses. En resumen el Tratado es m\u00e1s que los convenios bilaterales. \u201cEstamos convencidos- y en eso queremos felicitar a la Canciller\u00eda- de que el TPP es muy bueno para Chile y para las regiones.<\/p>\n<h3 style=\"text-align: justify;\">UN ALIADO ESTRAT\u00c9GICO<\/h3>\n<p style=\"text-align: justify;\">Entre las actividades efectuadas en Arica, Hermann von M\u00fchlenbrock realiz\u00f3 una visita protocolar a la Intendenta Regional, Gladys acu\u00f1a junto a los gerentes de Sofofa, al presidente de Asinda, Edward Gallardo Malebr\u00e1n y al gerente de ese organismo, Italo Botetano.<\/p>\n<p style=\"text-align: justify;\">Tambi\u00e9n\u00a0 se reuni\u00f3 con empresarios y representantes gremiales y de la Corporaci\u00f3n de Desarrollo- Cordap, encuentro que catalog\u00f3 de muy grato. Qued\u00e9 impresionado-seg\u00fan dijo- de las ganas que tienen, del esfuerzo que hacen por lograr el desarrollo de Arica y Parinacota.<\/p>\n<p style=\"text-align: justify;\">Frente a la necesidad de atraer inversi\u00f3n a esta zona, coment\u00f3 que Sofofa puede colaborar en ello. \u201cHablamos de realizar un Consejo en Arica y traer 100 consejeros, para que se re\u00fanan con los empresarios locales y ellos les den a conocer las ventajas y bondades que tiene esta zona. Queremos ser aliados, la pol\u00edtica de Sofofa es venir a las regiones, ponernos a disposici\u00f3n y ayudarles a difundir esta regi\u00f3n en Santiago ya que Santiago no es Chile\u201d, acot\u00f3.<\/p>\n","protected":false},"excerpt":{"rendered":"<p>&nbsp; El presidente de la Sociedad de Fomento Fabril- SOFOFA, Hermann von M\u00fchlenbrock, visit\u00f3 Arica acompa\u00f1ado de varios gerentes de ese organismo, con el fin\u00a0 de difundir los beneficios que tiene para nuestro pa\u00eds- y para las regiones mayoritariamente- el \u201cAcuerdo Transpac\u00edfico de Colaboraci\u00f3n Econ\u00f3mica\u201d, conocido por las siglas en ingl\u00e9s TPP, que ya firm\u00f3 [&hellip;]<\/p>\n","protected":false},"author":1,"featured_media":0,"comment_status":"closed","ping_status":"closed","sticky":false,"template":"","format":"standard","meta":{"footnotes":""},"categories":[1],"tags":[],"class_list":["post-638","post","type-post","status-publish","format-standard","hentry","category-sin-categoria"],"_links":{"self":[{"href":"https:\/\/www.asinda.cl\/index.php?rest_route=\/wp\/v2\/posts\/638","targetHints":{"allow":["GET"]}}],"collection":[{"href":"https:\/\/www.asinda.cl\/index.php?rest_route=\/wp\/v2\/posts"}],"about":[{"href":"https:\/\/www.asinda.cl\/index.php?rest_route=\/wp\/v2\/types\/post"}],"author":[{"embeddable":true,"href":"https:\/\/www.asinda.cl\/index.php?rest_route=\/wp\/v2\/users\/1"}],"replies":[{"embeddable":true,"href":"https:\/\/www.asinda.cl\/index.php?rest_route=%2Fwp%2Fv2%2Fcomments&post=638"}],"version-history":[{"count":1,"href":"https:\/\/www.asinda.cl\/index.php?rest_route=\/wp\/v2\/posts\/638\/revisions"}],"predecessor-version":[{"id":641,"href":"https:\/\/www.asinda.cl\/index.php?rest_route=\/wp\/v2\/posts\/638\/revisions\/641"}],"wp:attachment":[{"href":"https:\/\/www.asinda.cl\/index.php?rest_route=%2Fwp%2Fv2%2Fmedia&parent=638"}],"wp:term":[{"taxonomy":"category","embeddable":true,"href":"https:\/\/www.asinda.cl\/index.php?rest_route=%2Fwp%2Fv2%2Fcategories&post=638"},{"taxonomy":"post_tag","embeddable":true,"href":"https:\/\/www.asinda.cl\/index.php?rest_route=%2Fwp%2Fv2%2Ftags&post=638"}],"curies":[{"name":"wp","href":"https:\/\/api.w.org\/{rel}","templated":true}]}}