{"id":633,"date":"2016-05-04T13:51:06","date_gmt":"2016-05-04T13:51:06","guid":{"rendered":"http:\/\/www.asinda.cl\/?p=633"},"modified":"2016-05-04T13:52:10","modified_gmt":"2016-05-04T13:52:10","slug":"seminario-acuerdo-transpacifico-de-colaboracion-economica-en-arica","status":"publish","type":"post","link":"https:\/\/www.asinda.cl\/?p=633","title":{"rendered":"SEMINARIO \u201cACUERDO TRANSPAC\u00cdFICO  DE COLABORACI\u00d3N ECON\u00d3MICA\u201d EN ARICA"},"content":{"rendered":"<div id=\"attachment_634\" style=\"width: 310px\" class=\"wp-caption aligncenter\"><img loading=\"lazy\" decoding=\"async\" aria-describedby=\"caption-attachment-634\" class=\"size-medium wp-image-634\" src=\"https:\/\/www.asinda.cl\/wp-content\/uploads\/Hermann-von-M\u00fchlenbrock-300x200.jpg\" alt=\"Asiste el presidente de Sofofa, representantes del sector privado, econ\u00f3mico y empresarios\" width=\"300\" height=\"200\" srcset=\"https:\/\/www.asinda.cl\/wp-content\/uploads\/Hermann-von-M\u00fchlenbrock-300x200.jpg 300w, https:\/\/www.asinda.cl\/wp-content\/uploads\/Hermann-von-M\u00fchlenbrock-768x512.jpg 768w, https:\/\/www.asinda.cl\/wp-content\/uploads\/Hermann-von-M\u00fchlenbrock-1024x683.jpg 1024w, https:\/\/www.asinda.cl\/wp-content\/uploads\/Hermann-von-M\u00fchlenbrock.jpg 1200w\" sizes=\"auto, (max-width: 300px) 100vw, 300px\" \/><p id=\"caption-attachment-634\" class=\"wp-caption-text\">Asiste el presidente de Sofofa, representantes del sector privado, econ\u00f3mico y empresarios<\/p><\/div>\n<p style=\"text-align: justify;\">El pr\u00f3ximo jueves 05 de mayo llega a Arica el presidente de la Sociedad de Fomento Fabril- SOFOFA, Hermann von M\u00fchlenbrock, quien viene a participar en el Seminario \u201cAcuerdo Transpac\u00edfico de Colaboraci\u00f3n Econ\u00f3mica\u201d.<\/p>\n<p style=\"text-align: justify;\">El seminario, organizado por Asinda y Sofofa, se efectuar\u00e1 ese d\u00eda mismo d\u00eda, a las 17,30 horas,\u00a0 en el Hotel Arica, y contar\u00e1 con la presencia de autoridades regionales, representantes del sector empresarial y econ\u00f3mico e invitados especiales.<\/p>\n<p style=\"text-align: justify;\">El \u201cAcuerdo Transpac\u00edfico de Colaboraci\u00f3n Econ\u00f3mica\u201d, conocido por las siglas en ingl\u00e9s TPP\u201d, es un tratado de libre comercio. Fue finalmente firmado por los gobiernos de los pa\u00edses negociadores en febrero de 2016. Ahora se est\u00e1 a la espera que los Congresos de cada pa\u00eds aprueben el acuerdo.<\/p>\n<p style=\"text-align: justify;\">El tratado involucra a 12 pa\u00edses: E\u00b7E.UU,., Jap\u00f3n, Australia, Nueva Zelanda, Malasia, Brunei, Singapur, Vietnam, Canad\u00e1, y los latinoamericanos M\u00e9xico, Per\u00fa y Chile.<\/p>\n<p style=\"text-align: justify;\">El TPP constituye el mayor acuerdo comercial regional de la historia, que englobar\u00eda a un 40% de la econom\u00eda mundial bajo un nuevo marco normativo para el comercio.<!--more--><\/p>\n<h3 style=\"text-align: justify;\">OTRAS ACTIVIDADES<\/h3>\n<p style=\"text-align: justify;\">Tras su llegada a Arica a las 11 horas de este jueves 05, el presidente de la Sofofa visitar\u00e1 \u201cLa Estrella\u201d de Arica y luego se dirigir\u00e1 al TPA, donde efectuar\u00e1 un recorido pior el recinto portuario.<\/p>\n<p style=\"text-align: justify;\">A las 13,30 horas participar\u00e1n en un almuerzo con empresarios de la regi\u00f3n y a las 16 horas presentar\u00e1 sus saludos protocolares a la Intendenta Regional, Gladys Acu\u00f1a, en el Gobierno Regional.<\/p>\n<p style=\"text-align: justify;\">Luego, a las 17 horas, asiste al Seminario \u201cAcuerdo Transpac\u00edfico de Colaboraci\u00f3n Econ\u00f3mica\u201d, en el Hotel Arica, donde la presentaci\u00f3n la har\u00e1 el Grente Internacional de Sofofa, Manuel Jos\u00e9 Prieto.<\/p>\n<p style=\"text-align: justify;\">Finalmente, a las 20,30 horas, Hermann von M\u00fchlenbrock asistir\u00e1 a una reuni\u00f3n- cena con el comit\u00e9 ejecutivo de Cordap.<\/p>\n<p style=\"text-align: justify;\">Su regreso a Santiago est\u00e1 fijado para horas de la ma\u00f1ana del viernes 06 de mayo.<\/p>\n","protected":false},"excerpt":{"rendered":"<p>El pr\u00f3ximo jueves 05 de mayo llega a Arica el presidente de la Sociedad de Fomento Fabril- SOFOFA, Hermann von M\u00fchlenbrock, quien viene a participar en el Seminario \u201cAcuerdo Transpac\u00edfico de Colaboraci\u00f3n Econ\u00f3mica\u201d. El seminario, organizado por Asinda y Sofofa, se efectuar\u00e1 ese d\u00eda mismo d\u00eda, a las 17,30 horas,\u00a0 en el Hotel Arica, y [&hellip;]<\/p>\n","protected":false},"author":1,"featured_media":0,"comment_status":"closed","ping_status":"closed","sticky":false,"template":"","format":"standard","meta":{"footnotes":""},"categories":[1],"tags":[],"class_list":["post-633","post","type-post","status-publish","format-standard","hentry","category-sin-categoria"],"_links":{"self":[{"href":"https:\/\/www.asinda.cl\/index.php?rest_route=\/wp\/v2\/posts\/633","targetHints":{"allow":["GET"]}}],"collection":[{"href":"https:\/\/www.asinda.cl\/index.php?rest_route=\/wp\/v2\/posts"}],"about":[{"href":"https:\/\/www.asinda.cl\/index.php?rest_route=\/wp\/v2\/types\/post"}],"author":[{"embeddable":true,"href":"https:\/\/www.asinda.cl\/index.php?rest_route=\/wp\/v2\/users\/1"}],"replies":[{"embeddable":true,"href":"https:\/\/www.asinda.cl\/index.php?rest_route=%2Fwp%2Fv2%2Fcomments&post=633"}],"version-history":[{"count":2,"href":"https:\/\/www.asinda.cl\/index.php?rest_route=\/wp\/v2\/posts\/633\/revisions"}],"predecessor-version":[{"id":636,"href":"https:\/\/www.asinda.cl\/index.php?rest_route=\/wp\/v2\/posts\/633\/revisions\/636"}],"wp:attachment":[{"href":"https:\/\/www.asinda.cl\/index.php?rest_route=%2Fwp%2Fv2%2Fmedia&parent=633"}],"wp:term":[{"taxonomy":"category","embeddable":true,"href":"https:\/\/www.asinda.cl\/index.php?rest_route=%2Fwp%2Fv2%2Fcategories&post=633"},{"taxonomy":"post_tag","embeddable":true,"href":"https:\/\/www.asinda.cl\/index.php?rest_route=%2Fwp%2Fv2%2Ftags&post=633"}],"curies":[{"name":"wp","href":"https:\/\/api.w.org\/{rel}","templated":true}]}}