{"id":625,"date":"2016-04-05T15:25:24","date_gmt":"2016-04-05T15:25:24","guid":{"rendered":"http:\/\/www.asinda.cl\/?p=625"},"modified":"2016-04-05T15:26:07","modified_gmt":"2016-04-05T15:26:07","slug":"alianza-estrategica-sofofa-inacap-favorecera-estudios-regionales","status":"publish","type":"post","link":"https:\/\/www.asinda.cl\/?p=625","title":{"rendered":"ALIANZA ESTRAT\u00c9GICA SOFOFA- INACAP FAVORECER\u00c1 ESTUDIOS REGIONALES"},"content":{"rendered":"<div id=\"attachment_626\" style=\"width: 310px\" class=\"wp-caption aligncenter\"><img loading=\"lazy\" decoding=\"async\" aria-describedby=\"caption-attachment-626\" class=\"size-medium wp-image-626\" src=\"https:\/\/www.asinda.cl\/wp-content\/uploads\/inacap_sofofa-300x200.jpg\" alt=\"Gremios regionales afiliados, entre ellos la Asociaci\u00f3n de Industriales de Arica, se ver\u00e1n favorecidos con este convenio nacional.\" width=\"300\" height=\"200\" \/><p id=\"caption-attachment-626\" class=\"wp-caption-text\">Gremios regionales afiliados, entre ellos la Asociaci\u00f3n de Industriales de Arica, se ver\u00e1n favorecidos con este convenio nacional.<\/p><\/div>\n<p style=\"text-align: justify;\">\n<p style=\"text-align: justify;\">Desde el auditorio de INACAP Arica, el presidente de la Asociaci\u00f3n de Industriales Arica (ASINDA), Edward Gallardo\u037e el Vicerrector de INACAP Arica, Marcelo Cort\u00e9s\u037e Directivos y Directores de Carrera siguieron atentamente, v\u00eda streaming, la ceremonia de firma del Convenio entre la Sociedad de Fomento Fabril (SOFOFA) e INACAP. El evento, llevado a cabo en la Sede Santiago Centro de INACAP, reuni\u00f3 al Presidente de SOFOFA, Hermann Von M\u00fchlenbrock y al Rector de INACAP, Gonzalo Vargas, junto a integrantes de ambas instituciones y representantes de los gremios de Regi\u00f3n Metropolitana.<\/p>\n<p style=\"text-align: justify;\">Esta alianza busca generar una red de trabajo rec\u00edproco a nivel nacional entre INACAP, a trav\u00e9s de sus 26 Sedes en todo Chile, y SOFOFA, mediante los gremios regionales afiliados a su red. Todo esto con el prop\u00f3sito de fomentar la colaboraci\u00f3n, cooperaci\u00f3n y apoyo mutuo de las organizaciones en el desarrollo y cumplimiento de sus objetivos institucionales respectivos, y del capital humano del pa\u00eds. En la ceremonia de lanzamiento, el Presidente de SOFOFA, Hermann Von M\u00fchlenbrock, se\u00f1al\u00f3 que \u201ctenemos objetivos que se complementan (con INACAP) y una visi\u00f3n com\u00fan respecto de la importancia del capital humano en el desarrollo de nuestro pa\u00eds\u201d. Adem\u00e1s agreg\u00f3 que \u201ccomo Sociedad de Fomento Fabril hemos estado trabajando con especial dedicaci\u00f3n en la construcci\u00f3n y fortalecimiento de redes con gremios regionales.<!--more--><!--more--><\/p>\n<p style=\"text-align: justify;\">Este esfuerzo busca impulsar y coordinar acciones conjuntas que apoyen y contribuyan al liderazgo de los gremios regionales asociados a SOFOFA, incorporando, tambi\u00e9n, nuevos empresarios en la formulaci\u00f3n y discusi\u00f3n de pol\u00edticas p\u00fablicas\u201d.<\/p>\n<p style=\"text-align: justify;\">Por su parte, el Rector de INACAP afirm\u00f3 que \u201cagradezco a SOFOFA por esta alianza, la cual formaliza una relaci\u00f3n ya existente, y con la que se ver\u00e1 favorecido el sector productivo de nuestro pa\u00eds, ya que recibir\u00e1n asistencia y trabajo de profesionales de primer nivel, con los conocimientos y herramientas que el mercado necesita\u037e y asimismo, nuestra Instituci\u00f3n tendr\u00e1 una interacci\u00f3n m\u00e1s profunda con las necesidades y desarrollos de dichos sectores.<\/p>\n<p style=\"text-align: justify;\">De esta manera, continuamos honrando nuestra Misi\u00f3n, fortaleciendo nuestro v\u00ednculo con el sector productivo, y formando a los profesionales que Chile necesita y necesitar\u00e1 en los pr\u00f3ximos 50 a\u00f1os\u201d. Esta alianza se enfocar\u00e1 en siete l\u00edneas de trabajo, las que comprenden actividades de asistencia t\u00e9cnica a los gremios asociados a SOFOFA\u037e postulaci\u00f3n conjunta a fondos concursables\u037e colaboraci\u00f3n para la realizaci\u00f3n de actividades de vinculaci\u00f3n acad\u00e9mica\u037e realizaci\u00f3n de pr\u00e1cticas profesionales de alumnos de INACAP en empresas del gremio\u037e uso de la infraestructura de INACAP para actividades conjuntas y del gremio\u037e desarrollo conjunto de estudios nacionales y regionales\u037e y organizaci\u00f3n y participaci\u00f3n en actividades de extensi\u00f3n acad\u00e9mica.<\/p>\n<p style=\"text-align: justify;\">Todo ello se materializar\u00e1 en apoyo t\u00e9cnico gratuito a empresas y emprendimientos de diferentes sectores productivos a nivel regional\u037e la aplicaci\u00f3n de un Modelo de Aceleraci\u00f3n de Adopci\u00f3n de Innovaci\u00f3n (MAAI) desarrollado por INACAP, cuyo objetivo es promover y acelerar la adopci\u00f3n y adaptaci\u00f3n de innovaciones en las empresas pertenecientes a los gremios de SOFOFA\u037e la participaci\u00f3n de INACAP en encuentros empresariales regionales que permitan el perfeccionamiento y formaci\u00f3n de alumnos y docentes de la Instituci\u00f3n\u037e entre otras actividades.<\/p>\n<p style=\"text-align: justify;\">Una vez finalizada la transmisi\u00f3n, el Vicerrector de INACAP Arica, Marcelo Cort\u00e9s, explic\u00f3 los alcances del acuerdo \u201cEs un convenio que corona el doble trabajo que se viene realizando son SOFOFA y los distintos gremios a nivel nacional. En Arica tenemos el trabajo muy cercano y siempre colaborativo con ASINDA, con quien ya firmamos un convenio. Sin embargo, creemos que esta firma de car\u00e1cter nacional brinda mayor fuerza a la colaboraci\u00f3n y realizaci\u00f3n de actividades conjuntas. Como bien se\u00f1al\u00f3 el Rector, es una relaci\u00f3n de ganarganar, un acuerdo bidireccional que nos va a permitir fortalecer la educaci\u00f3n de nuestros Alumnos y darle soluci\u00f3n a los problemas reales del mundo productivo regional y nacional\u201d.<\/p>\n<p style=\"text-align: justify;\">Por otra parte, el Presidente de ASINDA, Edward Gallardo, destac\u00f3 los beneficios que ambas instituciones adquieren gracias al convenio. \u201cTodo v\u00ednculo que se haga entre el mundo acad\u00e9mico y el empresarial es vital para las industrias. Brinda la oportunidad de tener personas calificadas para desarrollarse en empresas, resolviendo requerimientos que, pese a no ser diarios, son necesarios. Nos alegra la firma de este convenio, pues gracias a \u00e9l, INACAP tambi\u00e9n se ver\u00e1 beneficiado, pues se entrega la posibilidad de que los Alumnos se vinculen a empresas y conozcan la realidad de las diversas actividades econ\u00f3micas del pa\u00eds\u201d, expres\u00f3.<\/p>\n","protected":false},"excerpt":{"rendered":"<p>Desde el auditorio de INACAP Arica, el presidente de la Asociaci\u00f3n de Industriales Arica (ASINDA), Edward Gallardo\u037e el Vicerrector de INACAP Arica, Marcelo Cort\u00e9s\u037e Directivos y Directores de Carrera siguieron atentamente, v\u00eda streaming, la ceremonia de firma del Convenio entre la Sociedad de Fomento Fabril (SOFOFA) e INACAP. El evento, llevado a cabo en la [&hellip;]<\/p>\n","protected":false},"author":1,"featured_media":0,"comment_status":"closed","ping_status":"closed","sticky":false,"template":"","format":"standard","meta":{"footnotes":""},"categories":[1],"tags":[],"class_list":["post-625","post","type-post","status-publish","format-standard","hentry","category-sin-categoria"],"_links":{"self":[{"href":"https:\/\/www.asinda.cl\/index.php?rest_route=\/wp\/v2\/posts\/625","targetHints":{"allow":["GET"]}}],"collection":[{"href":"https:\/\/www.asinda.cl\/index.php?rest_route=\/wp\/v2\/posts"}],"about":[{"href":"https:\/\/www.asinda.cl\/index.php?rest_route=\/wp\/v2\/types\/post"}],"author":[{"embeddable":true,"href":"https:\/\/www.asinda.cl\/index.php?rest_route=\/wp\/v2\/users\/1"}],"replies":[{"embeddable":true,"href":"https:\/\/www.asinda.cl\/index.php?rest_route=%2Fwp%2Fv2%2Fcomments&post=625"}],"version-history":[{"count":2,"href":"https:\/\/www.asinda.cl\/index.php?rest_route=\/wp\/v2\/posts\/625\/revisions"}],"predecessor-version":[{"id":628,"href":"https:\/\/www.asinda.cl\/index.php?rest_route=\/wp\/v2\/posts\/625\/revisions\/628"}],"wp:attachment":[{"href":"https:\/\/www.asinda.cl\/index.php?rest_route=%2Fwp%2Fv2%2Fmedia&parent=625"}],"wp:term":[{"taxonomy":"category","embeddable":true,"href":"https:\/\/www.asinda.cl\/index.php?rest_route=%2Fwp%2Fv2%2Fcategories&post=625"},{"taxonomy":"post_tag","embeddable":true,"href":"https:\/\/www.asinda.cl\/index.php?rest_route=%2Fwp%2Fv2%2Ftags&post=625"}],"curies":[{"name":"wp","href":"https:\/\/api.w.org\/{rel}","templated":true}]}}