{"id":517,"date":"2015-06-25T14:50:04","date_gmt":"2015-06-25T14:50:04","guid":{"rendered":"http:\/\/www.asinda.cl\/?p=517"},"modified":"2015-06-25T14:52:05","modified_gmt":"2015-06-25T14:52:05","slug":"zona-franca-de-arica-debe-ser-administrada-por-esta-region","status":"publish","type":"post","link":"https:\/\/www.asinda.cl\/?p=517","title":{"rendered":"ZONA FRANCA DE ARICA DEBE SER  ADMINISTRADA POR ESTA REGI\u00d3N"},"content":{"rendered":"<div id=\"attachment_519\" style=\"width: 233px\" class=\"wp-caption aligncenter\"><a href=\"https:\/\/www.asinda.cl\/wp-content\/uploads\/EdwardGallardo.jpg\"><img loading=\"lazy\" decoding=\"async\" aria-describedby=\"caption-attachment-519\" class=\"size-medium wp-image-519\" src=\"https:\/\/www.asinda.cl\/wp-content\/uploads\/EdwardGallardo-223x300.jpg\" alt=\"Asinda reacciona ante el desinter\u00e9s de Zofri S.A. por el Parque Chacalluta y por los activos que posee en esta zona \" width=\"223\" height=\"300\" srcset=\"https:\/\/www.asinda.cl\/wp-content\/uploads\/EdwardGallardo-223x300.jpg 223w, https:\/\/www.asinda.cl\/wp-content\/uploads\/EdwardGallardo-761x1024.jpg 761w, https:\/\/www.asinda.cl\/wp-content\/uploads\/EdwardGallardo.jpg 1579w\" sizes=\"auto, (max-width: 223px) 100vw, 223px\" \/><\/a><p id=\"caption-attachment-519\" class=\"wp-caption-text\">Asinda reacciona ante el desinter\u00e9s de Zofri S.A. por el Parque Chacalluta y por los activos que posee en esta zona<\/p><\/div>\n<p style=\"text-align: justify;\">\n<p style=\"text-align: justify;\">La Zona Franca Industrial de Arica necesariamente debe ser administrada por los arique\u00f1os, con el prop\u00f3sito de que tenga autonom\u00eda y poder de decisi\u00f3n en esta regi\u00f3n y no dependa de las determinaciones de la empresa Zofri S.A.<\/p>\n<p style=\"text-align: justify;\">Esa es la posici\u00f3n de la Asociaci\u00f3n de Industriales de Arica- Asinda, que surgi\u00f3 tras reuni\u00f3n de su directorio, oportunidad en que fueron analizadas las declaraciones del presidente de esa compa\u00f1\u00eda, Patricio Sesnich Stewart, respecto de los activos que posee en esta regi\u00f3n.<\/p>\n<p style=\"text-align: justify;\">Seg\u00fan sus expresiones, \u00a0Patricio Sesnich le coment\u00f3 al diputado Luis Rocafull que el Parque Industrial Chacalluta es \u201cun elefante blanco\u201d y que el directorio quer\u00eda deshacerse de \u00e9l.<!--more--><\/p>\n<p style=\"text-align: justify;\">El presidente de Asinda, Edward Gallardo Malebr\u00e1n, manifest\u00f3 la preocupaci\u00f3n que existe por los dichos del m\u00e1ximo directivo de la empresa que est\u00e1 manejando la concesi\u00f3n del sistema de zona franca industrial de Arica, en atenci\u00f3n a que el Parque Chacalluta es parte del negocio que ellos tienen que potenciar. Agreg\u00f3 que Sesnich no dir\u00eda lo mismo del sistema franco comercial del Iquique.<\/p>\n<p style=\"text-align: justify;\">\u201cMe reun\u00ed con el diputado Luis Rocafull y \u00e9l me expres\u00f3 esta situaci\u00f3n y de verdad tenemos que tomar acciones en la regi\u00f3n, acciones que desemboquen en que esta herramienta- una de las palancas importantes que tenemos que es la zona franca industrial de Arica- sea potenciada, pero que sea potenciada por gente que le interese hacerlo y no que, contrariamente, est\u00e9 entregando ese tipo de declaraciones\u201d, coment\u00f3.<\/p>\n<p style=\"text-align: justify;\">Frente al anuncio de Sesnich respecto a vender el Parque Chacalluta, Gallardo se\u00f1al\u00f3 que bajo el aspecto legal o jur\u00eddico desconoce si Zofri S.A. puede hacerlo o no, porque todo es cuestionable o digno de an\u00e1lisis legal. Sin embargo, estima que moralmente no.<\/p>\n<p style=\"text-align: justify;\">Reafirm\u00f3 que si el Parque Industrial se cre\u00f3 para fomentar el desarrollo productivo de la regi\u00f3n y Zofri S.A. no ha podido en todos estos a\u00f1os hacer ese trabajo que le asignaron, mal podr\u00eda entonces vender algo que el Estado les cedi\u00f3 para los fines se\u00f1alados\u201d.<\/p>\n<p style=\"text-align: justify;\">\u201cCuando nos dicen que Zofri S.A nos vende el Parque\u00a0 Chacalluta, eso no es lo correcto. Estimo que lo correcto es que nos dijeran \u00a0\u2018nosotros le entregamos para su autonom\u00eda todo lo que es la zona franca industrial de Arica`, o sea, estamos hablando del Parque m\u00e1s todo lo que es el manejo de la zona franca industrial de Arica, que es mucho m\u00e1s que ese recinto\u201d, afirm\u00f3.<\/p>\n<p style=\"text-align: justify;\">En ese mismo contexto, dijo que Asinda tiene clara convicci\u00f3n que la Zona Franca Industrial de Arica es muy importante para el desarrollo de la regi\u00f3n, Reconoce s\u00ed que no es la \u00fanica palanca, porque tambi\u00e9n est\u00e1 el tema de la agricultura, del turismo, pero la industria tiene mucho que decir.<\/p>\n<p style=\"text-align: justify;\">\u201cLa industria, a trav\u00e9s de zona franca industrial, puede ayudar mucho para que la regi\u00f3n tenga el despegue econ\u00f3mico que merece\u201d, sostuvo el directivo.<\/p>\n<h3 style=\"text-align: justify;\">NUEVO BARRIO INDUSTRIAL<\/h3>\n<p style=\"text-align: justify;\">La Asociaci\u00f3n de Industriales tambi\u00e9n est\u00e1 trabajando el tema del nuevo Barrio Industrial de Arica, que se proyecta en el sector norte de la ciudad.<\/p>\n<p style=\"text-align: justify;\">Seg\u00fan explic\u00f3 Gallardo, se trata de una iniciativa que est\u00e1 inserta en el Plan Especial de Desarrollo, con la asignaci\u00f3n de recursos, los que alcanzan a los $ 5.600 millones.<\/p>\n<p style=\"text-align: justify;\">\u201cEstamos trabajando en una mesa p\u00fablico- privada, realizando varias acciones. Ya tenemos un plano, existe un loteo, existen las empresas que se interesaron en participar en\u00a0 ese loteo. Asimismo, existen\u00a0 60 hect\u00e1reas que ya est\u00e1n delimitadas, deslindadas respecto de este trabajo. Lo que vamos a hacer ahora es presentar al Conservador de Bienes todas las instancias que corresponden a la formalizaci\u00f3n de esta etapa\u201d.<\/p>\n<p style=\"text-align: justify;\">Consultado qu\u00e9 viene despu\u00e9s, inform\u00f3 que comenzar a trabajar bajo qu\u00e9 proyectos se va a aprobar la asignaci\u00f3n de estos loteos, qu\u00e9 costo va a tener el metro cuadrado de este parque industrial, empezar a desarrollarlo y establecer de esos $ 5.600 millones para cu\u00e1ntas hect\u00e1reas de terrenos se va a asignar respecto de un loteo total.<\/p>\n<p style=\"text-align: justify;\">\u201cEste es un trabajo que estamos llevando a cabo con el Gobierno Regional.\u00a0 Asinda tiene el mayor inter\u00e9s de que sea una realidad en el mediano plazo\u201d, subray\u00f3.<\/p>\n<p style=\"text-align: justify;\">Requerido cu\u00e1les son los plazos que se manejan, estim\u00f3 que materializ\u00e1ndose, desde el punto de vista de obras, se asigna la posibilidad de que el nuevo recinto est\u00e9 ya con construcciones durante el segundo semestre del 2016 o primer semestre del 2017.<\/p>\n","protected":false},"excerpt":{"rendered":"<p>La Zona Franca Industrial de Arica necesariamente debe ser administrada por los arique\u00f1os, con el prop\u00f3sito de que tenga autonom\u00eda y poder de decisi\u00f3n en esta regi\u00f3n y no dependa de las determinaciones de la empresa Zofri S.A. Esa es la posici\u00f3n de la Asociaci\u00f3n de Industriales de Arica- Asinda, que surgi\u00f3 tras reuni\u00f3n de [&hellip;]<\/p>\n","protected":false},"author":1,"featured_media":0,"comment_status":"closed","ping_status":"closed","sticky":false,"template":"","format":"standard","meta":{"footnotes":""},"categories":[1],"tags":[],"class_list":["post-517","post","type-post","status-publish","format-standard","hentry","category-sin-categoria"],"_links":{"self":[{"href":"https:\/\/www.asinda.cl\/index.php?rest_route=\/wp\/v2\/posts\/517","targetHints":{"allow":["GET"]}}],"collection":[{"href":"https:\/\/www.asinda.cl\/index.php?rest_route=\/wp\/v2\/posts"}],"about":[{"href":"https:\/\/www.asinda.cl\/index.php?rest_route=\/wp\/v2\/types\/post"}],"author":[{"embeddable":true,"href":"https:\/\/www.asinda.cl\/index.php?rest_route=\/wp\/v2\/users\/1"}],"replies":[{"embeddable":true,"href":"https:\/\/www.asinda.cl\/index.php?rest_route=%2Fwp%2Fv2%2Fcomments&post=517"}],"version-history":[{"count":5,"href":"https:\/\/www.asinda.cl\/index.php?rest_route=\/wp\/v2\/posts\/517\/revisions"}],"predecessor-version":[{"id":524,"href":"https:\/\/www.asinda.cl\/index.php?rest_route=\/wp\/v2\/posts\/517\/revisions\/524"}],"wp:attachment":[{"href":"https:\/\/www.asinda.cl\/index.php?rest_route=%2Fwp%2Fv2%2Fmedia&parent=517"}],"wp:term":[{"taxonomy":"category","embeddable":true,"href":"https:\/\/www.asinda.cl\/index.php?rest_route=%2Fwp%2Fv2%2Fcategories&post=517"},{"taxonomy":"post_tag","embeddable":true,"href":"https:\/\/www.asinda.cl\/index.php?rest_route=%2Fwp%2Fv2%2Ftags&post=517"}],"curies":[{"name":"wp","href":"https:\/\/api.w.org\/{rel}","templated":true}]}}