{"id":512,"date":"2015-06-08T18:24:42","date_gmt":"2015-06-08T18:24:42","guid":{"rendered":"http:\/\/www.asinda.cl\/?p=512"},"modified":"2015-06-08T18:25:54","modified_gmt":"2015-06-08T18:25:54","slug":"asinda-premiara-a-los-mejores-trabajadores-de-empresas-asociadas","status":"publish","type":"post","link":"https:\/\/www.asinda.cl\/?p=512","title":{"rendered":"ASINDA PREMIAR\u00c1 A LOS MEJORES TRABAJADORES DE EMPRESAS ASOCIADAS"},"content":{"rendered":"<div id=\"attachment_513\" style=\"width: 310px\" class=\"wp-caption aligncenter\"><a href=\"https:\/\/www.asinda.cl\/wp-content\/uploads\/asidna.jpg\"><img loading=\"lazy\" decoding=\"async\" aria-describedby=\"caption-attachment-513\" class=\"size-medium wp-image-513\" src=\"https:\/\/www.asinda.cl\/wp-content\/uploads\/asidna-300x89.jpg\" alt=\"Industriales celebran 59 a\u00f1os como agrupaci\u00f3n gremial\" width=\"300\" height=\"89\" srcset=\"https:\/\/www.asinda.cl\/wp-content\/uploads\/asidna-300x89.jpg 300w, https:\/\/www.asinda.cl\/wp-content\/uploads\/asidna.jpg 381w\" sizes=\"auto, (max-width: 300px) 100vw, 300px\" \/><\/a><p id=\"caption-attachment-513\" class=\"wp-caption-text\">Industriales celebran 59 a\u00f1os como agrupaci\u00f3n gremial<\/p><\/div>\n<p>&nbsp;<\/p>\n<p style=\"text-align: justify;\">La Asociaci\u00f3n Gremial de industriales de Arica- ASINDA celebra sus 59 a\u00f1os de existencia. Fue fundada el 13 de abril de 1956, por lo que se constituye en la asociaci\u00f3n gremial m\u00e1s antigua de la regi\u00f3n.<\/p>\n<p style=\"text-align: justify;\">Como parte de las celebraciones, en el transcurso de un encuentro social entre sus asociados, Asinda premiar\u00e1 a los trabajadores m\u00e1s destacados de sus empresas asociadas, en un acto fijado para el pr\u00f3ximo viernes 26 de junio.<\/p>\n<p style=\"text-align: justify;\">En la ocasi\u00f3n, se distinguir\u00e1 con un galvano y un regalo de reconocimiento a los trabajadores nominados.<\/p>\n<p style=\"text-align: justify;\">En esa fiesta de la familia industrial, cada trabajador o trabajadora podr\u00e1 llevar a su acompa\u00f1ante, al igual que lo har\u00e1n los ejecutivos de las empresas asociadas, \u00a0para disfrutar de una cena bailable de camarader\u00eda.<\/p>\n<h3 style=\"text-align: justify;\">ASINDA<\/h3>\n<p style=\"text-align: justify;\">Entre las empresas asociadas de Asinda se encuentran las principales industrias de la regi\u00f3n- peque\u00f1as y medianas- lo que permite tener una sinergia entre los asociados. Ello ha permitido que esa asociaci\u00f3n se convierta en uno de los organismos gremiales m\u00e1s importantes e influyentes en la regi\u00f3n.<!--more--><\/p>\n<p style=\"text-align: justify;\">La directiva actual est\u00e1 integrada por los siguientes asociados: presidente, Edward Gallardo Malebr\u00e1n; vicepresidente, Oscar Villalobos Mazuela; secretaria, Maribett Molina Sandoval; tesorero, Jorge Londo\u00f1o R\u00edos; directores, Davor Razmilic Tomicic, Diego Bulnes Vald\u00e9s, Alberto Chambe Apala, Javier Montenegro Poblete, Gonzalo Ferrer Gallo, Jaime Narea G\u00f3mez, Ra\u00fal Mu\u00f1oz Palza y Carlos Smith Tardel.<\/p>\n","protected":false},"excerpt":{"rendered":"<p>&nbsp; La Asociaci\u00f3n Gremial de industriales de Arica- ASINDA celebra sus 59 a\u00f1os de existencia. Fue fundada el 13 de abril de 1956, por lo que se constituye en la asociaci\u00f3n gremial m\u00e1s antigua de la regi\u00f3n. Como parte de las celebraciones, en el transcurso de un encuentro social entre sus asociados, Asinda premiar\u00e1 a [&hellip;]<\/p>\n","protected":false},"author":1,"featured_media":0,"comment_status":"closed","ping_status":"closed","sticky":false,"template":"","format":"standard","meta":{"footnotes":""},"categories":[1],"tags":[],"class_list":["post-512","post","type-post","status-publish","format-standard","hentry","category-sin-categoria"],"_links":{"self":[{"href":"https:\/\/www.asinda.cl\/index.php?rest_route=\/wp\/v2\/posts\/512","targetHints":{"allow":["GET"]}}],"collection":[{"href":"https:\/\/www.asinda.cl\/index.php?rest_route=\/wp\/v2\/posts"}],"about":[{"href":"https:\/\/www.asinda.cl\/index.php?rest_route=\/wp\/v2\/types\/post"}],"author":[{"embeddable":true,"href":"https:\/\/www.asinda.cl\/index.php?rest_route=\/wp\/v2\/users\/1"}],"replies":[{"embeddable":true,"href":"https:\/\/www.asinda.cl\/index.php?rest_route=%2Fwp%2Fv2%2Fcomments&post=512"}],"version-history":[{"count":2,"href":"https:\/\/www.asinda.cl\/index.php?rest_route=\/wp\/v2\/posts\/512\/revisions"}],"predecessor-version":[{"id":515,"href":"https:\/\/www.asinda.cl\/index.php?rest_route=\/wp\/v2\/posts\/512\/revisions\/515"}],"wp:attachment":[{"href":"https:\/\/www.asinda.cl\/index.php?rest_route=%2Fwp%2Fv2%2Fmedia&parent=512"}],"wp:term":[{"taxonomy":"category","embeddable":true,"href":"https:\/\/www.asinda.cl\/index.php?rest_route=%2Fwp%2Fv2%2Fcategories&post=512"},{"taxonomy":"post_tag","embeddable":true,"href":"https:\/\/www.asinda.cl\/index.php?rest_route=%2Fwp%2Fv2%2Ftags&post=512"}],"curies":[{"name":"wp","href":"https:\/\/api.w.org\/{rel}","templated":true}]}}