{"id":462,"date":"2015-01-14T16:09:12","date_gmt":"2015-01-14T16:09:12","guid":{"rendered":"http:\/\/www.asinda.cl\/?p=462"},"modified":"2015-01-14T16:11:30","modified_gmt":"2015-01-14T16:11:30","slug":"asinda-analizara-el-tema-de-la-reforma-tributaria","status":"publish","type":"post","link":"https:\/\/www.asinda.cl\/?p=462","title":{"rendered":"ASINDA ANALIZAR\u00c1 EL TEMA DE LA REFORMA TRIBUTARIA"},"content":{"rendered":"<div id=\"attachment_463\" style=\"width: 310px\" class=\"wp-caption aligncenter\"><a href=\"https:\/\/www.asinda.cl\/wp-content\/uploads\/CV-Charla-Asinda.jpg\"><img loading=\"lazy\" decoding=\"async\" aria-describedby=\"caption-attachment-463\" class=\"size-medium wp-image-463\" src=\"https:\/\/www.asinda.cl\/wp-content\/uploads\/CV-Charla-Asinda-300x146.jpg\" alt=\"Expondr\u00e1 el abogado Mauricio L\u00f3pez, socio de Tax &amp; Legal de KPMG Chile, profesional de amplia experiencia en Tributaria y asesor de empresas en ese rubro\" width=\"300\" height=\"146\" srcset=\"https:\/\/www.asinda.cl\/wp-content\/uploads\/CV-Charla-Asinda-300x146.jpg 300w, https:\/\/www.asinda.cl\/wp-content\/uploads\/CV-Charla-Asinda.jpg 759w\" sizes=\"auto, (max-width: 300px) 100vw, 300px\" \/><\/a><p id=\"caption-attachment-463\" class=\"wp-caption-text\">Expondr\u00e1 el abogado Mauricio L\u00f3pez, socio de Tax &amp; Legal de KPMG Chile, profesional de amplia experiencia en Tributaria y asesor de empresas en ese rubro.<\/p><\/div>\n<p>&nbsp;<\/p>\n<p style=\"text-align: justify;\">El tema de la Reforma Tributaria en Arica ser\u00e1 analizado por los socios de la Asociaci\u00f3n de Industriales- Asinda, en un seminario organizado por ese organismo gremial en conjunto con la Sofofa, Sociedad de Fomento Fabril.<\/p>\n<p style=\"text-align: justify;\">El encuentro est\u00e1 fijado para el pr\u00f3ximo lunes 19 de enero, en el sal\u00f3n de eventos del Restaurante \u201cMaracuy\u00e1\u201d. La actividad finalizar\u00e1 con una cena de camarader\u00eda.<\/p>\n<p style=\"text-align: justify;\">El relator del importante tema ser\u00e1 Mauricio L\u00f3pez,\u00a0socio de Tax &amp; Legal de KPMG Chile, un profesional de amplia experiencia en Tributaria y asesor de empresas en ese rubro.<\/p>\n<p style=\"text-align: justify;\">Mauricio A. L\u00f3pez Lastra es abogado, Universidad de Chile MBA, Universidad Adolfo Ib\u00e1\u00f1ez. Ha ejercido su profesi\u00f3n por m\u00e1s de 9 a\u00f1os asesorando tanto a empresas transnacionales como nacionales, en operaciones tales como fusiones, divisiones, reorganizaciones, planificaci\u00f3n tributaria general de grupos econ\u00f3micos, efectos legales y tributarios de contratos, an\u00e1lisis de instrumentos derivados, operaciones de apertura en bolsa, emisi\u00f3n de bonos y efectos de comercio, desarrollo de proyectos inmobiliarios y energ\u00e9ticos, entre otras materias.<!--more--><\/p>\n<p style=\"text-align: justify;\">Hasta el a\u00f1o 2010, fue miembro del departamento Tributario de Ernst &amp; Young.<\/p>\n<p style=\"text-align: justify;\">El presidente de Asinda, Edward Gallardo Malebr\u00e1n, formul\u00f3 una invitaci\u00f3n a todos los asociados de dicha organizaci\u00f3n a participar en el seminario, que va a permitir conocer mayores antecedentes frente a la Reforma Tributaria que hoy se encuentra en tr\u00e1mite legislativo.<\/p>\n","protected":false},"excerpt":{"rendered":"<p>&nbsp; El tema de la Reforma Tributaria en Arica ser\u00e1 analizado por los socios de la Asociaci\u00f3n de Industriales- Asinda, en un seminario organizado por ese organismo gremial en conjunto con la Sofofa, Sociedad de Fomento Fabril. El encuentro est\u00e1 fijado para el pr\u00f3ximo lunes 19 de enero, en el sal\u00f3n de eventos del Restaurante [&hellip;]<\/p>\n","protected":false},"author":1,"featured_media":0,"comment_status":"closed","ping_status":"closed","sticky":false,"template":"","format":"standard","meta":{"footnotes":""},"categories":[1],"tags":[],"class_list":["post-462","post","type-post","status-publish","format-standard","hentry","category-sin-categoria"],"_links":{"self":[{"href":"https:\/\/www.asinda.cl\/index.php?rest_route=\/wp\/v2\/posts\/462","targetHints":{"allow":["GET"]}}],"collection":[{"href":"https:\/\/www.asinda.cl\/index.php?rest_route=\/wp\/v2\/posts"}],"about":[{"href":"https:\/\/www.asinda.cl\/index.php?rest_route=\/wp\/v2\/types\/post"}],"author":[{"embeddable":true,"href":"https:\/\/www.asinda.cl\/index.php?rest_route=\/wp\/v2\/users\/1"}],"replies":[{"embeddable":true,"href":"https:\/\/www.asinda.cl\/index.php?rest_route=%2Fwp%2Fv2%2Fcomments&post=462"}],"version-history":[{"count":2,"href":"https:\/\/www.asinda.cl\/index.php?rest_route=\/wp\/v2\/posts\/462\/revisions"}],"predecessor-version":[{"id":465,"href":"https:\/\/www.asinda.cl\/index.php?rest_route=\/wp\/v2\/posts\/462\/revisions\/465"}],"wp:attachment":[{"href":"https:\/\/www.asinda.cl\/index.php?rest_route=%2Fwp%2Fv2%2Fmedia&parent=462"}],"wp:term":[{"taxonomy":"category","embeddable":true,"href":"https:\/\/www.asinda.cl\/index.php?rest_route=%2Fwp%2Fv2%2Fcategories&post=462"},{"taxonomy":"post_tag","embeddable":true,"href":"https:\/\/www.asinda.cl\/index.php?rest_route=%2Fwp%2Fv2%2Ftags&post=462"}],"curies":[{"name":"wp","href":"https:\/\/api.w.org\/{rel}","templated":true}]}}