{"id":430,"date":"2014-10-15T15:41:36","date_gmt":"2014-10-15T15:41:36","guid":{"rendered":"http:\/\/www.asinda.cl\/?p=430"},"modified":"2014-10-15T19:30:39","modified_gmt":"2014-10-15T19:30:39","slug":"cordap-entrego-a-asinda-informe-de-necesidades-de-sus-asociados","status":"publish","type":"post","link":"https:\/\/www.asinda.cl\/?p=430","title":{"rendered":"CORDAP ENTREG\u00d3 A ASINDA INFORME  DE NECESIDADES DE SUS ASOCIADOS"},"content":{"rendered":"<div id=\"attachment_431\" style=\"width: 310px\" class=\"wp-caption aligncenter\"><a href=\"https:\/\/www.asinda.cl\/wp-content\/uploads\/asicor.jpg\"><img loading=\"lazy\" decoding=\"async\" aria-describedby=\"caption-attachment-431\" class=\"size-medium wp-image-431\" src=\"https:\/\/www.asinda.cl\/wp-content\/uploads\/asicor-300x146.jpg\" alt=\"Encuesta a sus asociados permitir\u00e1 enfocar de mejor forma el accionar de ese organismo gremial\" width=\"300\" height=\"146\" srcset=\"https:\/\/www.asinda.cl\/wp-content\/uploads\/asicor-300x146.jpg 300w, https:\/\/www.asinda.cl\/wp-content\/uploads\/asicor.jpg 381w\" sizes=\"auto, (max-width: 300px) 100vw, 300px\" \/><\/a><p id=\"caption-attachment-431\" class=\"wp-caption-text\">Encuesta a sus asociados permitir\u00e1 enfocar de mejor forma el accionar de ese organismo gremial<\/p><\/div>\n<p>&nbsp;<\/p>\n<p style=\"text-align: justify;\">Un completo informe sobre las inquietudes y necesidades que tienen los empresarios industriales en la regi\u00f3n present\u00f3 la Corporaci\u00f3n de Desarrollo de Arica y Parinacota- Cordap a la Asociaci\u00f3n de Industriales de Arica- Asinda.<\/p>\n<p style=\"text-align: justify;\">El trabajo fue encargado especialmente por ese organismo gremial a la Corporaci\u00f3n, en el marco del Programa de Fortalecimiento de Asociaciones Gremiales, financiado por Sercotec.<\/p>\n<p style=\"text-align: justify;\">La acci\u00f3n realizada recoge la opini\u00f3n de la casi totalidad de los asociados a Asinda, lo que permiti\u00f3 efectuar un levantamiento de datos de sus socios, conocer la opini\u00f3n respecto de lo que hay que hacer y los que ellos esperan de esa instituci\u00f3n.<\/p>\n<p style=\"text-align: justify;\">Lo anterior, seg\u00fan se desprende del informe, permitir\u00e1 mejorar la relaci\u00f3n y servicios que tiene dicha asociaci\u00f3n con sus componentes y reducir la brecha que se ha generado entre ellos.<\/p>\n<p style=\"text-align: justify;\">Asimismo, en las encuestas aplicadas se obtuvieron respuestas concretas a situaciones espec\u00edficas, todo lo cual permitir\u00e1 en el futuro enfocar el accionar de Asinda hacia objetivos concretos, crecer, desarrollarse y fortalecerse como asociaci\u00f3n gremial junto con las empresas que la componen.<!--more--><\/p>\n<p style=\"text-align: justify;\">Finalmente, el estudio realizado por la Corporaci\u00f3n de Desarrollo mejorar\u00e1 la comunicaci\u00f3n entre los industriales, abordando de mejor forma las problem\u00e1ticas que se vayan generando, en pos de un mayor fomento y desarrollo de la industria productiva regional.<\/p>\n<p style=\"text-align: justify;\">El documento ser\u00e1 publicado en extenso en la p\u00e1gina web de Asinda, <a href=\"https:\/\/www.asinda.cl\/?page_id=434\">PROYECTOS.<\/a><\/p>\n","protected":false},"excerpt":{"rendered":"<p>&nbsp; Un completo informe sobre las inquietudes y necesidades que tienen los empresarios industriales en la regi\u00f3n present\u00f3 la Corporaci\u00f3n de Desarrollo de Arica y Parinacota- Cordap a la Asociaci\u00f3n de Industriales de Arica- Asinda. El trabajo fue encargado especialmente por ese organismo gremial a la Corporaci\u00f3n, en el marco del Programa de Fortalecimiento de [&hellip;]<\/p>\n","protected":false},"author":1,"featured_media":0,"comment_status":"closed","ping_status":"closed","sticky":false,"template":"","format":"standard","meta":{"footnotes":""},"categories":[1],"tags":[],"class_list":["post-430","post","type-post","status-publish","format-standard","hentry","category-sin-categoria"],"_links":{"self":[{"href":"https:\/\/www.asinda.cl\/index.php?rest_route=\/wp\/v2\/posts\/430","targetHints":{"allow":["GET"]}}],"collection":[{"href":"https:\/\/www.asinda.cl\/index.php?rest_route=\/wp\/v2\/posts"}],"about":[{"href":"https:\/\/www.asinda.cl\/index.php?rest_route=\/wp\/v2\/types\/post"}],"author":[{"embeddable":true,"href":"https:\/\/www.asinda.cl\/index.php?rest_route=\/wp\/v2\/users\/1"}],"replies":[{"embeddable":true,"href":"https:\/\/www.asinda.cl\/index.php?rest_route=%2Fwp%2Fv2%2Fcomments&post=430"}],"version-history":[{"count":4,"href":"https:\/\/www.asinda.cl\/index.php?rest_route=\/wp\/v2\/posts\/430\/revisions"}],"predecessor-version":[{"id":439,"href":"https:\/\/www.asinda.cl\/index.php?rest_route=\/wp\/v2\/posts\/430\/revisions\/439"}],"wp:attachment":[{"href":"https:\/\/www.asinda.cl\/index.php?rest_route=%2Fwp%2Fv2%2Fmedia&parent=430"}],"wp:term":[{"taxonomy":"category","embeddable":true,"href":"https:\/\/www.asinda.cl\/index.php?rest_route=%2Fwp%2Fv2%2Fcategories&post=430"},{"taxonomy":"post_tag","embeddable":true,"href":"https:\/\/www.asinda.cl\/index.php?rest_route=%2Fwp%2Fv2%2Ftags&post=430"}],"curies":[{"name":"wp","href":"https:\/\/api.w.org\/{rel}","templated":true}]}}