{"id":337,"date":"2014-08-19T20:59:10","date_gmt":"2014-08-19T20:59:10","guid":{"rendered":"http:\/\/www.asinda.cl\/?p=337"},"modified":"2014-08-21T15:20:37","modified_gmt":"2014-08-21T15:20:37","slug":"asinda-eligio-su-nueva-directiva-para-el-periodo-entre-2014-2015","status":"publish","type":"post","link":"https:\/\/www.asinda.cl\/?p=337","title":{"rendered":"ASINDA ELIGI\u00d3 SU NUEVA DIRECTIVA PARA EL PER\u00cdODO ENTRE 2014- 2015"},"content":{"rendered":"<div id=\"attachment_338\" style=\"width: 300px\" class=\"wp-caption aligncenter\"><img loading=\"lazy\" decoding=\"async\" aria-describedby=\"caption-attachment-338\" class=\"size-medium wp-image-338\" src=\"https:\/\/www.asinda.cl\/wp-content\/uploads\/GALLARDO-290x300.jpg\" alt=\"Edward Gallardo Malebr\u00e1n volvi\u00f3 a la presidencia\" width=\"290\" height=\"300\" srcset=\"https:\/\/www.asinda.cl\/wp-content\/uploads\/GALLARDO-290x300.jpg 290w, https:\/\/www.asinda.cl\/wp-content\/uploads\/GALLARDO.jpg 442w\" sizes=\"auto, (max-width: 290px) 100vw, 290px\" \/><p id=\"caption-attachment-338\" class=\"wp-caption-text\">Edward Gallardo Malebr\u00e1n volvi\u00f3 a la presidencia<\/p><\/div>\n<p>&nbsp;<\/p>\n<p style=\"text-align: justify;\">La Asociaci\u00f3n de Industriales de Arica, Asinda, eligi\u00f3 a la nueva directiva que regir\u00e1 los destinos de esa instituci\u00f3n gremial, por el per\u00edodo 2014- 2015.<!--more--><\/p>\n<p style=\"text-align: justify;\">El proceso de votaci\u00f3n, realizado en su \u00faltima reuni\u00f3n de socios, arroj\u00f3 los siguientes resultados: presidente, Edward Gallardo Malebr\u00e1n, de la empresa Baldol S.A.; vicepresidente, Oscar Villalobos Mazuela, Soprodi S.A.; secretaria, Maribett Molina Sandoval, Arica Seafood Producer S.A.; tesorero, Jorge Londo\u00f1o R\u00edos, Export Gold S.A.; directores, Davor Razmilic Tomicic, Molinera Azapa S.A.; Diego Bulnes Vald\u00e9s, Terminal Puerto Arica S.A.; Alberto Chambe Apala, Almat Ltda.; Javier Montenegro Poblete, Empresas Lipigas; Gonzalo Ferrer Gallo, Astilleros Arica; Jaime Narea G\u00f3mez, Viper Maquinarias; Ra\u00fal Mu\u00f1oz Palza, Imerys Minerales Arica Ltd.; Carlos Smith Tardel, Zofri Arica S.A.<\/p>\n<p style=\"text-align: justify;\">Cabe se\u00f1alar que el anterior presidente de Asinda, Roberto Quintana Barbatos, asumi\u00f3 como gerente del Plan Especial de Desarrollo de Zonas Extrema para Arica y Parinacota.<\/p>\n","protected":false},"excerpt":{"rendered":"<p>&nbsp; La Asociaci\u00f3n de Industriales de Arica, Asinda, eligi\u00f3 a la nueva directiva que regir\u00e1 los destinos de esa instituci\u00f3n gremial, por el per\u00edodo 2014- 2015.<\/p>\n","protected":false},"author":1,"featured_media":0,"comment_status":"closed","ping_status":"closed","sticky":false,"template":"","format":"standard","meta":{"footnotes":""},"categories":[1],"tags":[],"class_list":["post-337","post","type-post","status-publish","format-standard","hentry","category-sin-categoria"],"_links":{"self":[{"href":"https:\/\/www.asinda.cl\/index.php?rest_route=\/wp\/v2\/posts\/337","targetHints":{"allow":["GET"]}}],"collection":[{"href":"https:\/\/www.asinda.cl\/index.php?rest_route=\/wp\/v2\/posts"}],"about":[{"href":"https:\/\/www.asinda.cl\/index.php?rest_route=\/wp\/v2\/types\/post"}],"author":[{"embeddable":true,"href":"https:\/\/www.asinda.cl\/index.php?rest_route=\/wp\/v2\/users\/1"}],"replies":[{"embeddable":true,"href":"https:\/\/www.asinda.cl\/index.php?rest_route=%2Fwp%2Fv2%2Fcomments&post=337"}],"version-history":[{"count":2,"href":"https:\/\/www.asinda.cl\/index.php?rest_route=\/wp\/v2\/posts\/337\/revisions"}],"predecessor-version":[{"id":392,"href":"https:\/\/www.asinda.cl\/index.php?rest_route=\/wp\/v2\/posts\/337\/revisions\/392"}],"wp:attachment":[{"href":"https:\/\/www.asinda.cl\/index.php?rest_route=%2Fwp%2Fv2%2Fmedia&parent=337"}],"wp:term":[{"taxonomy":"category","embeddable":true,"href":"https:\/\/www.asinda.cl\/index.php?rest_route=%2Fwp%2Fv2%2Fcategories&post=337"},{"taxonomy":"post_tag","embeddable":true,"href":"https:\/\/www.asinda.cl\/index.php?rest_route=%2Fwp%2Fv2%2Ftags&post=337"}],"curies":[{"name":"wp","href":"https:\/\/api.w.org\/{rel}","templated":true}]}}