{"id":1127,"date":"2019-05-18T17:33:17","date_gmt":"2019-05-18T17:33:17","guid":{"rendered":"http:\/\/www.asinda.cl\/?p=1127"},"modified":"2019-08-26T03:19:23","modified_gmt":"2019-08-26T03:19:23","slug":"asinda-destaca-puesta-en-marcha-de-ley-de-pago-a-30-dias","status":"publish","type":"post","link":"https:\/\/www.asinda.cl\/?p=1127","title":{"rendered":"Asinda destaca puesta en marcha de Ley de Pago a 30 d\u00edas"},"content":{"rendered":"<p style=\"text-align: justify;\">El Presidente de la Asociaci\u00f3n de Industriales de Arica, Edward Gallardo, destac\u00f3 la puesta en marcha de la Ley de Pago a 30 d\u00edas, una iniciativa que favorece especialmente a las micro, peque\u00f1as y medianas empresas del pa\u00eds, permiti\u00e9ndoles recuperar el capital de trabajo para continuar desarroll\u00e1ndose.<\/p>\n<p style=\"text-align: justify;\">Gallardo destac\u00f3 el hecho que, con la entrada en vigencia de la ley, se materializar\u00e1 un anhelo que las MiPymes esperan m\u00e1s de 15 a\u00f1os, permiti\u00e9ndoles tener mayor certeza en la disponibilidad de los recursos para poder invertir y crecer como empresas.<\/p>\n<p style=\"text-align: justify;\">\u201cEsta ley sin duda es un gran avance, especialmente para los emprendedores del pa\u00eds, especialmente a los de nuestra regi\u00f3n, quienes ahora pueden reinvertir sus recursos para continuar creciendo, innovar e incorporar tecnolog\u00eda que les permita prestar servicios cada vez m\u00e1s eficientes\u201d, puntualiz\u00f3.<\/p>\n<p style=\"text-align: justify;\">Sostuvo el titular de Asinda que la puesta en marcha de la Ley de Pago a 30 D\u00edas es un gran avance que beneficia no s\u00f3lo a las empresas, sino que es la oportunidad para que se genere un cambio cultural en los pagadores, de manera que quienes contraten servicios o compren productos, comprendan que pagar oportunamente no es s\u00f3lo una obligaci\u00f3n, sino una oportunidad para continuar aportando al dinamismo de la econom\u00eda.<\/p>\n<p style=\"text-align: justify;\">\u201cLas empresas en general, independiente si son micro, peque\u00f1as o medianas, son fundamentales en el crecimiento del pa\u00eds, en el desarrollo de la econom\u00eda, de manera que la puesta en marcha de esta ley, es una gran noticia para todo el sector y el cumplimiento de un compromiso adquirido por el Gobierno\u201d, puntualiz\u00f3 Edward Gallardo.<\/p>\n","protected":false},"excerpt":{"rendered":"<p>El Presidente de la Asociaci\u00f3n de Industriales de Arica, Edward Gallardo, destac\u00f3 la puesta en marcha de la Ley de Pago a 30 d\u00edas, una iniciativa que favorece especialmente a las micro, peque\u00f1as y medianas empresas del pa\u00eds, permiti\u00e9ndoles recuperar el capital de trabajo para continuar desarroll\u00e1ndose. Gallardo destac\u00f3 el hecho que, con la entrada [&hellip;]<\/p>\n","protected":false},"author":1,"featured_media":170,"comment_status":"closed","ping_status":"closed","sticky":false,"template":"","format":"standard","meta":{"footnotes":""},"categories":[1],"tags":[],"class_list":["post-1127","post","type-post","status-publish","format-standard","has-post-thumbnail","hentry","category-sin-categoria"],"_links":{"self":[{"href":"https:\/\/www.asinda.cl\/index.php?rest_route=\/wp\/v2\/posts\/1127","targetHints":{"allow":["GET"]}}],"collection":[{"href":"https:\/\/www.asinda.cl\/index.php?rest_route=\/wp\/v2\/posts"}],"about":[{"href":"https:\/\/www.asinda.cl\/index.php?rest_route=\/wp\/v2\/types\/post"}],"author":[{"embeddable":true,"href":"https:\/\/www.asinda.cl\/index.php?rest_route=\/wp\/v2\/users\/1"}],"replies":[{"embeddable":true,"href":"https:\/\/www.asinda.cl\/index.php?rest_route=%2Fwp%2Fv2%2Fcomments&post=1127"}],"version-history":[{"count":3,"href":"https:\/\/www.asinda.cl\/index.php?rest_route=\/wp\/v2\/posts\/1127\/revisions"}],"predecessor-version":[{"id":1295,"href":"https:\/\/www.asinda.cl\/index.php?rest_route=\/wp\/v2\/posts\/1127\/revisions\/1295"}],"wp:featuredmedia":[{"embeddable":true,"href":"https:\/\/www.asinda.cl\/index.php?rest_route=\/wp\/v2\/media\/170"}],"wp:attachment":[{"href":"https:\/\/www.asinda.cl\/index.php?rest_route=%2Fwp%2Fv2%2Fmedia&parent=1127"}],"wp:term":[{"taxonomy":"category","embeddable":true,"href":"https:\/\/www.asinda.cl\/index.php?rest_route=%2Fwp%2Fv2%2Fcategories&post=1127"},{"taxonomy":"post_tag","embeddable":true,"href":"https:\/\/www.asinda.cl\/index.php?rest_route=%2Fwp%2Fv2%2Ftags&post=1127"}],"curies":[{"name":"wp","href":"https:\/\/api.w.org\/{rel}","templated":true}]}}