{"id":1099,"date":"2019-05-09T02:07:57","date_gmt":"2019-05-09T02:07:57","guid":{"rendered":"http:\/\/www.asinda.cl\/?p=1099"},"modified":"2019-08-26T03:20:16","modified_gmt":"2019-08-26T03:20:16","slug":"historica-marcha-de-asinda-y-trabajadores-para-decir-no-al-plan-regulador","status":"publish","type":"post","link":"https:\/\/www.asinda.cl\/?p=1099","title":{"rendered":"Hist\u00f3rica marcha de Asinda y Trabajadores Para decir No al Plan Regulador"},"content":{"rendered":"<p style=\"text-align: justify;\"><strong>M\u00e1s de mil personas comprometidas para salvar el Barrio Industrial.<\/strong><\/p>\n<p style=\"text-align: justify;\">Como todo un \u201c\u00e9xito\u201d fue calificada por los organizadores la marcha convocada para decir No al Plan Regulador, tal como se encuentra planteado en estos momentos, que implica generar una zona mixta en el Barrio Industrial y, adem\u00e1s, convertir en zona tur\u00edstica un sector del borde costero.<\/p>\n<p style=\"text-align: justify;\">La movilizaci\u00f3n, convocada por la Asociaci\u00f3n de Industriales de Arica (Asinda) y los Sindicatos de Trabajadores de sus empresas asociadas, reuni\u00f3 a cerca mil personas, quienes recorrieron las principales calles de la ciudad en forma pac\u00edfica, dando cuenta de la preocupaci\u00f3n por la p\u00e9rdida de fuentes laborales producto de la propuesta del nuevo Plan Regulador.<\/p>\n<p style=\"text-align: justify;\">La marcha se inici\u00f3 en la intersecci\u00f3n de Diego Portales con Santa Mar\u00eda para luego realizar un recorrido que implic\u00f3 una parada en el edificio del Gobierno Regional, donde el Presidente de Asinda, Edward Gallardo, junto a los representantes de los trabajadores, entregaron una carta a la Intendenta Regional, Mar\u00eda Loreto Letelier, expresando la preocupaci\u00f3n de las 273 empresas que en la actualidad ofrecen trabajo a m\u00e1s de 5 mil personas y que podr\u00edan verse afectadas de aprobarse el Plan Regulador tal como ha sido planteado a la fecha.<\/p>\n<p style=\"text-align: justify;\">En la carta le solicitaron que, como autoridad regional, se sume al debate y al an\u00e1lisis de los temas planteados, especialmente porque para muchas empresas es imposible sustentar econ\u00f3micamente un cambio de ubicaci\u00f3n.<\/p>\n<p style=\"text-align: justify;\">Posteriormente, la marcha se dirigi\u00f3 al edificio Consistorial, solicitando al alcalde Gerardo Esp\u00edndola y Concejo Municipal, que a esa hora sesionaban, reunirse para exponer las preocupaciones de Asinda y los trabajadores, lo que en un primer momento no fue posible.<\/p>\n<p style=\"text-align: justify;\">Finalmente, los participantes de la marcha ingresaron a la sala de reuniones de la Municipalidad, donde sostuvieron un extenso di\u00e1logo con el alcalde de Arica, exponiendo la preocupaci\u00f3n por el futuro de las empresas.<\/p>\n<p style=\"text-align: justify;\">Asimismo, dieron como plazo una semana para generar una reuni\u00f3n entre el Concejo Municipal, Asinda y los sindicatos de los trabajadores, a fin de analizar los cambios al Plan Regulador.<\/p>\n<p style=\"text-align: justify;\">Al t\u00e9rmino de la movilizaci\u00f3n, el titular de Asinda, Edward Gallardo, dijo estar orgulloso de los trabajadores: \u201cNos vamos optimistas por lo que nuestros trabajadores hicieron. Ellos se colocaron la camiseta de la empresa, logramos desarrollar una marcha masiva y pac\u00edfica, que estableci\u00f3 cu\u00e1les son las preocupaciones y salvar el Barrio Industrial de Arica\u201d, sostuvo.<\/p>\n<p style=\"text-align: justify;\">A\u00f1adi\u00f3 que: \u201cEsto no es desinformaci\u00f3n, una caricatura u otros dichos del alcalde, nosotros estamos protegiendo lo que creemos es un riesgo para la industria, para los trabajadores de Arica. Le mando un mensaje al alcalde: deje la arrogancia, escuche a las personas, que no tengan que presionar para que les den reuni\u00f3n o que los reciba en el pasillo. La idea es juntarse y, si podemos hacer cambios en el Plan Regulador, que bueno, que se realicen las modificaciones como corresponda y que la gente que hoy prest\u00f3 y los que quedaron en las empresas, puedan mantener su fuente laboral\u201d.<\/p>\n<p style=\"text-align: justify;\">Tambi\u00e9n agradeci\u00f3 el apoyo de los trabajadores y su compromiso &nbsp;con las&nbsp; empresas, as\u00ed como las empresas con ellos, \u201cy si, tal como se\u00f1alaron los trabajadores, es necesario seguir marchando lo haremos\u201d, finaliz\u00f3.<\/p>\n<p style=\"text-align: justify;\">En tanto, Hugo Vargas, Presidente del Sindicato Astilleros Arica, junto con agradecer a todos los trabajadores y comunicad por haberse sumado a la movilizaci\u00f3n \u201cpara hacer un llamado de atenci\u00f3n para el gobierno comunal y su propuesta del Plan Regulador, el cual no favorece a las empresas ubicadas en el sector norte y las ubicadas en el borde costero. Un llamado de atenci\u00f3n a que consideren la opini\u00f3n de los trabajadores\u201d, dijo.<\/p>\n<p style=\"text-align: justify;\">El dirigente reiter\u00f3 que las empresas Imerys y Astilleros Arica ven comprometida su permanencia en la ciudad, debido a que su ubicaci\u00f3n geogr\u00e1fica cerca al mar es fundamental.&nbsp;<\/p>\n<p style=\"text-align: justify;\">\u201cEs imposible trasladarlas a otras zonas. Los astilleros no pueden estar en otra zona que no sea el puerto. Por ello, llamamos a la autoridad a que acoja una propuesta de la empresa, de manera que astilleros pueda continuar donde se encuentra hoy\u201d, finaliz\u00f3 Vargas.<\/p>\n<p>[ngg src=\u00bbgalleries\u00bb ids=\u00bb2&#8243; display=\u00bbbasic_thumbnail\u00bb show_slideshow_link=\u00bb0&#8243;]<\/p>\n","protected":false},"excerpt":{"rendered":"<p>M\u00e1s de mil personas comprometidas para salvar el Barrio Industrial. Como todo un \u201c\u00e9xito\u201d fue calificada por los organizadores la marcha convocada para decir No al Plan Regulador, tal como se encuentra planteado en estos momentos, que implica generar una zona mixta en el Barrio Industrial y, adem\u00e1s, convertir en zona tur\u00edstica un sector del [&hellip;]<\/p>\n","protected":false},"author":1,"featured_media":1296,"comment_status":"closed","ping_status":"closed","sticky":false,"template":"","format":"standard","meta":{"footnotes":""},"categories":[1],"tags":[],"class_list":["post-1099","post","type-post","status-publish","format-standard","has-post-thumbnail","hentry","category-sin-categoria"],"_links":{"self":[{"href":"https:\/\/www.asinda.cl\/index.php?rest_route=\/wp\/v2\/posts\/1099","targetHints":{"allow":["GET"]}}],"collection":[{"href":"https:\/\/www.asinda.cl\/index.php?rest_route=\/wp\/v2\/posts"}],"about":[{"href":"https:\/\/www.asinda.cl\/index.php?rest_route=\/wp\/v2\/types\/post"}],"author":[{"embeddable":true,"href":"https:\/\/www.asinda.cl\/index.php?rest_route=\/wp\/v2\/users\/1"}],"replies":[{"embeddable":true,"href":"https:\/\/www.asinda.cl\/index.php?rest_route=%2Fwp%2Fv2%2Fcomments&post=1099"}],"version-history":[{"count":2,"href":"https:\/\/www.asinda.cl\/index.php?rest_route=\/wp\/v2\/posts\/1099\/revisions"}],"predecessor-version":[{"id":1297,"href":"https:\/\/www.asinda.cl\/index.php?rest_route=\/wp\/v2\/posts\/1099\/revisions\/1297"}],"wp:featuredmedia":[{"embeddable":true,"href":"https:\/\/www.asinda.cl\/index.php?rest_route=\/wp\/v2\/media\/1296"}],"wp:attachment":[{"href":"https:\/\/www.asinda.cl\/index.php?rest_route=%2Fwp%2Fv2%2Fmedia&parent=1099"}],"wp:term":[{"taxonomy":"category","embeddable":true,"href":"https:\/\/www.asinda.cl\/index.php?rest_route=%2Fwp%2Fv2%2Fcategories&post=1099"},{"taxonomy":"post_tag","embeddable":true,"href":"https:\/\/www.asinda.cl\/index.php?rest_route=%2Fwp%2Fv2%2Ftags&post=1099"}],"curies":[{"name":"wp","href":"https:\/\/api.w.org\/{rel}","templated":true}]}}