{"id":1087,"date":"2019-05-05T22:37:25","date_gmt":"2019-05-05T22:37:25","guid":{"rendered":"http:\/\/www.asinda.cl\/?p=1087"},"modified":"2019-05-05T22:41:10","modified_gmt":"2019-05-05T22:41:10","slug":"las-industrias-queremos-seguir-siendo-parte-del-desarrollo-de-la-region","status":"publish","type":"post","link":"https:\/\/www.asinda.cl\/?p=1087","title":{"rendered":"\u201cLas industrias queremos seguir siendo Parte del desarrollo de la regi\u00f3n\u201d"},"content":{"rendered":"<p><img loading=\"lazy\" decoding=\"async\" class=\"size-full wp-image-1088 aligncenter\" src=\"https:\/\/www.asinda.cl\/wp-content\/uploads\/Presidente-Asinda.jpg\" alt=\"\" width=\"239\" height=\"360\" srcset=\"https:\/\/www.asinda.cl\/wp-content\/uploads\/Presidente-Asinda.jpg 239w, https:\/\/www.asinda.cl\/wp-content\/uploads\/Presidente-Asinda-199x300.jpg 199w\" sizes=\"auto, (max-width: 239px) 100vw, 239px\" \/><\/p>\n<p style=\"text-align: justify;\"><strong>Presidente de Asinda invita a marcha para visibilizar problem\u00e1tica de nuevo Plan Regulador.<\/strong><\/p>\n<p style=\"text-align: justify;\">Con el objetivo de visibilizar la problem\u00e1tica que se generar\u00eda de aprobar el Plan Regulador tal como est\u00e1 elaborado en estos momentos, la Asociaci\u00f3n de Industriales de Arica (Asinda) realizar\u00e1, junto a los sindicatos de sus empresas asociadas, una &nbsp;marcha el pr\u00f3ximo 7 de mayo, la que partir\u00e1 a las 11:30 hrs desde el Parque Vicu\u00f1a Mackenna.<\/p>\n<p style=\"text-align: justify;\">Al respecto, el&nbsp; Presidente de Asinda, Edward Gallardo, indic\u00f3 que la movilizaci\u00f3n tiene como finalidad visibilizar el problema que se genera con el Plan Regulador que perjudica fuertemente al sector industrial.<\/p>\n<p style=\"text-align: justify;\">Sostuvo que las diferencias con las autoridades respecto al Plan Regulador se producen en dos \u00e1reas espec\u00edficas. \u201cEl primero el sector costero que es donde hay empresas de Asinda que se est\u00e1n viendo perjudicadas por el cambio de uso de suelo de uno industrial a uno tur\u00edstico, lo que significar\u00e1 el cierre de las empresas, dejando a muchos trabajadores sin su fuente laboral\u201d, explic\u00f3 Gallardo.<\/p>\n<p style=\"text-align: justify;\">El segundo punto es el cambio de uso de suelo en el Barrio Industrial que pasar\u00eda a ser mixto, lo que permite que se creen desarrollos inmobiliarios en el sector \u201cpor lo tanto, se complicar\u00e1 el trabajo de las empresas, con serios riesgos de tener que cerrar nuestras empresas. No es un mito que se pueden perder fuentes laborales. &nbsp;Como Asinda conocemos experiencias nacionales en que, luego del cambio de uso de suelo, en el corto plazo han tenido que cerrar porque comienzan a ser molestas para los vecinos que se instalan en el entorno\u201d, afirm\u00f3.<\/p>\n<p style=\"text-align: justify;\">El titular de Asinda afirm\u00f3 que las empresas no est\u00e1n en contra del desarrollo de la regi\u00f3n, por el contrario, reiter\u00f3 su compromiso con el crecimiento de Arica, tal como lo han demostrado en los \u00faltimos 60 a\u00f1os.<\/p>\n<p style=\"text-align: justify;\">\u201cHemos participado en todas las instancias que se nos ha permitido desde el inicio de la discusi\u00f3n del Plan Regulador, lamentablemente, lo que hemos expuesto no ha sido recibido y hemos llegado a este punto. Estamos descontentos de c\u00f3mo est\u00e1 evolucionando el tema del plan\u201d, fundament\u00f3.<\/p>\n<p style=\"text-align: justify;\">Finalmente, junto con reiterar el llamado a los distintos sectores de la comunidad, para que participen de la marcha del pr\u00f3ximo 7 de mayo, formul\u00f3 un llamado a las autoridades y vecinos, para que se abran espacios de di\u00e1logo.<\/p>\n<p style=\"text-align: justify;\">\u201cEste Plan Regulador puede ser mejorado, que se dejen los espacios para las industrias porque podemos seguir siendo parte del desarrollo regional\u201d, concluy\u00f3 Gallardo.<\/p>\n<p><img loading=\"lazy\" decoding=\"async\" class=\"alignleft size-full wp-image-1092\" src=\"https:\/\/www.asinda.cl\/wp-content\/uploads\/FLYER-FINAL_001.png\" alt=\"\" width=\"1077\" height=\"1077\" srcset=\"https:\/\/www.asinda.cl\/wp-content\/uploads\/FLYER-FINAL_001.png 1077w, https:\/\/www.asinda.cl\/wp-content\/uploads\/FLYER-FINAL_001-150x150.png 150w, https:\/\/www.asinda.cl\/wp-content\/uploads\/FLYER-FINAL_001-300x300.png 300w, https:\/\/www.asinda.cl\/wp-content\/uploads\/FLYER-FINAL_001-768x768.png 768w, https:\/\/www.asinda.cl\/wp-content\/uploads\/FLYER-FINAL_001-1024x1024.png 1024w\" sizes=\"auto, (max-width: 1077px) 100vw, 1077px\" \/><\/p>\n","protected":false},"excerpt":{"rendered":"<p>Presidente de Asinda invita a marcha para visibilizar problem\u00e1tica de nuevo Plan Regulador. Con el objetivo de visibilizar la problem\u00e1tica que se generar\u00eda de aprobar el Plan Regulador tal como est\u00e1 elaborado en estos momentos, la Asociaci\u00f3n de Industriales de Arica (Asinda) realizar\u00e1, junto a los sindicatos de sus empresas asociadas, una &nbsp;marcha el pr\u00f3ximo [&hellip;]<\/p>\n","protected":false},"author":1,"featured_media":0,"comment_status":"closed","ping_status":"closed","sticky":false,"template":"","format":"standard","meta":{"footnotes":""},"categories":[1],"tags":[],"class_list":["post-1087","post","type-post","status-publish","format-standard","hentry","category-sin-categoria"],"_links":{"self":[{"href":"https:\/\/www.asinda.cl\/index.php?rest_route=\/wp\/v2\/posts\/1087","targetHints":{"allow":["GET"]}}],"collection":[{"href":"https:\/\/www.asinda.cl\/index.php?rest_route=\/wp\/v2\/posts"}],"about":[{"href":"https:\/\/www.asinda.cl\/index.php?rest_route=\/wp\/v2\/types\/post"}],"author":[{"embeddable":true,"href":"https:\/\/www.asinda.cl\/index.php?rest_route=\/wp\/v2\/users\/1"}],"replies":[{"embeddable":true,"href":"https:\/\/www.asinda.cl\/index.php?rest_route=%2Fwp%2Fv2%2Fcomments&post=1087"}],"version-history":[{"count":3,"href":"https:\/\/www.asinda.cl\/index.php?rest_route=\/wp\/v2\/posts\/1087\/revisions"}],"predecessor-version":[{"id":1096,"href":"https:\/\/www.asinda.cl\/index.php?rest_route=\/wp\/v2\/posts\/1087\/revisions\/1096"}],"wp:attachment":[{"href":"https:\/\/www.asinda.cl\/index.php?rest_route=%2Fwp%2Fv2%2Fmedia&parent=1087"}],"wp:term":[{"taxonomy":"category","embeddable":true,"href":"https:\/\/www.asinda.cl\/index.php?rest_route=%2Fwp%2Fv2%2Fcategories&post=1087"},{"taxonomy":"post_tag","embeddable":true,"href":"https:\/\/www.asinda.cl\/index.php?rest_route=%2Fwp%2Fv2%2Ftags&post=1087"}],"curies":[{"name":"wp","href":"https:\/\/api.w.org\/{rel}","templated":true}]}}