{"id":1022,"date":"2018-07-30T16:13:58","date_gmt":"2018-07-30T16:13:58","guid":{"rendered":"http:\/\/www.asinda.cl\/?p=1022"},"modified":"2018-07-30T16:13:58","modified_gmt":"2018-07-30T16:13:58","slug":"industriales-advierten-efectos-negativos-de-nuevo-plan-regulador","status":"publish","type":"post","link":"https:\/\/www.asinda.cl\/?p=1022","title":{"rendered":"INDUSTRIALES ADVIERTEN EFECTOS NEGATIVOS DE NUEVO PLAN REGULADOR"},"content":{"rendered":"<p><img loading=\"lazy\" decoding=\"async\" class=\"aligncenter size-medium wp-image-1024\" src=\"https:\/\/www.asinda.cl\/wp-content\/uploads\/ASINDA-ALCALDE2-300x169.jpg\" alt=\"\" width=\"300\" height=\"169\" srcset=\"https:\/\/www.asinda.cl\/wp-content\/uploads\/ASINDA-ALCALDE2-300x169.jpg 300w, https:\/\/www.asinda.cl\/wp-content\/uploads\/ASINDA-ALCALDE2-768x432.jpg 768w, https:\/\/www.asinda.cl\/wp-content\/uploads\/ASINDA-ALCALDE2-1024x576.jpg 1024w, https:\/\/www.asinda.cl\/wp-content\/uploads\/ASINDA-ALCALDE2.jpg 1469w\" sizes=\"auto, (max-width: 300px) 100vw, 300px\" \/><\/p>\n<p style=\"text-align: justify;\"><strong>De aprobarse propuesta de empresa consultora podr\u00edan generarse cierres de plantas y despidos.<\/strong><\/p>\n<p style=\"text-align: justify;\">La Asociaci\u00f3n de Industriales de Arica plante\u00f3 al Alcalde, Gerardo Esp\u00edndola, su \u201cpreocupaci\u00f3n extrema\u201d por los efectos negativos que pueda generar en el sector industrial de la ciudad el nuevo Plano Regulador comunal, que se encuentra en las \u00faltimas etapas para ser visado por la comunidad y los organismos correspondientes.<\/p>\n<p style=\"text-align: justify;\">El presidente de Asinda, Edward Gallardo Malebr\u00e1n, junto a los asociados presentes en la reuni\u00f3n con el jefe comunal, hicieron un descarnado an\u00e1lisis sobre las consecuencias negativas que traer\u00eda consigo dicho plan, de aprobarse las propuestas que est\u00e1 presentando la empresa consultora Polis, de Santiago.<\/p>\n<p style=\"text-align: justify;\">Los industriales fueron enf\u00e1ticos en se\u00f1alar que, como resultas de esos cambios, los efectos se ver\u00e1n especialmente en el Barrio Industrial antiguo y algunas empresas que quedan en el borde costero, tanto en el centro de la ciudad como en el sector norte, donde se producir\u00edan cierres de empresas y despidos de trabajadores, porque al ser a futuro una zona mixta, conjuntos habitacionales y de otro tipo estar\u00e1n cercanos a las f\u00e1bricas. \u201cNunca han podido convivir la industria con las construcciones habitacionales, siempre la industria va a causar alguna molestia, ya sea en el tr\u00e1nsito, en el tema de algunos ruidos, de alg\u00fan tipo de emisi\u00f3n\u201d, comentaron.<\/p>\n<p style=\"text-align: justify;\">Hubo breves momentos de tensi\u00f3n cuando el Alcalde Esp\u00edndola dijo sentirse \u201cviolentado\u201d por los dirigentes industriales frente a sus planteamientos sobre el cierre de fuentes laborales.<\/p>\n<p style=\"text-align: justify;\">Asinda solicit\u00f3 al alcalde la posibilidad de buscar otros sitios y terrenos que se ajusten a la necesidad habitacional y que no afecten la actividad industrial. Los industriales comentaron que, ante el inminente cambio de uso de suelo, han paralizado mejoras y ampliaciones estructurales en sus plantas, por la incertidumbre que ello genera.<br \/>\nHubo consenso entre las partes en que lo que se desea es que Arica tenga un mayor desarrollo y mejor futuro y ello debe ser construido por todos.<\/p>\n<h4 style=\"text-align: justify;\">PUNTOS DE ENCUENTRO<\/h4>\n<p style=\"text-align: justify;\">El Alcalde Esp\u00edndola calific\u00f3 el encuentro como importante porque se van sincerando posiciones en temas que, sin dudan, van a afectar el futuro de la ciudad, que tiene que ver con la definici\u00f3n de c\u00f3mo viene el Plano Regulador.<\/p>\n<p style=\"text-align: justify;\">\u201cLa invitaci\u00f3n que nosotros hicimos como Municipalidad, en esta caso a Asinda, es para que contribuyan en la participaci\u00f3n ciudadana que es clave, es importante que ellos est\u00e9n ah\u00ed presentes. Esta reuni\u00f3n fue un proceso interesante, de consultas, de reflexiones que en el fondo apuntan a cu\u00e1l es la ciudad que queremos construir y hacia d\u00f3nde queremos avanzar.\u201d<\/p>\n<p style=\"text-align: justify;\">Agreg\u00f3 que \u201cla conversaci\u00f3n no puede ser solamente de lo que perdemos, porque en el fondo- como bien dijeron al final, para hacer un omelette hay que romper huevos- bueno es exactamente lo mismo. Ac\u00e1 nos est\u00e1 pasando eso, que en el fondo el Plano Regulador va a definir el desarrollo y el futuro de Arica y ante eso siempre va a haber gente que va a quedar contenta y otra disconforme. Lo importante es que busquemos los mayores puntos de encuentro, pero m\u00e1s que pensando en el inter\u00e9s propio es pensar en el futuro y desarrollo de nuestra ciudad\u201d, precis\u00f3.<\/p>\n<p style=\"text-align: justify;\">Record\u00f3 que ya la ciudad en su momento defini\u00f3 cu\u00e1les eran los ejes de desarrollo, el turismo. \u201cEsa no es una conversaci\u00f3n de hace dos o tres a\u00f1os, estamos hablando de una d\u00e9cada atr\u00e1s donde se define que la ciudad expresa que no quiere miner\u00eda, queremos agricultura, queremos turismo, o sea, ejes precisados hace bastante tiempo que no surgen&nbsp; de la municipalidad ni de un plano regulador. El Plano Regulador se viene a hacer cargo de c\u00f3mo esos ejes, que en un momento manifest\u00f3 la ciudad, se ponen a disposici\u00f3n con este ordenamiento territorial\u201d.<\/p>\n<p style=\"text-align: justify;\">Finalmente, dijo que el \u00e1nimo del Alcalde y de la Municipalidad es participar y esas son las instancias para hacer todo tipo de observaciones e indicaciones al Plano Regulador. \u201cAc\u00e1 lo que importa es el futuro de Arica y no de aqu\u00ed a uno o dos a\u00f1os sino que a los pr\u00f3ximos 30 a\u00f1os\u201d, acot\u00f3.<\/p>\n<h4 style=\"text-align: justify;\">NUESTRA REALIDAD<\/h4>\n<p style=\"text-align: justify;\">Por su parte, Edward Gallardo coment\u00f3 que es bueno que las autoridades puedan escuchar desde los afectados los temas que preocupan a la comunidad, en este caso a los industriales, el c\u00f3mo inquieta el efecto que pueda tener el nuevo Plano Regulador en el empleo y en el desarrollo de las empresas en Arica.<\/p>\n<p style=\"text-align: justify;\">\u201cLo que planteamos no es una amenaza, es indicar la realidad que nosotros vemos respecto de c\u00f3mo se va a desarrollar la industria si es que se cambia el plano regulador, tanto del borde costero como del barrio industrial tradicional. Eso es lo que nosotros queremos hacer ver y tambi\u00e9n haremos lo propio con otras instancias\u201d, expres\u00f3.<\/p>\n<p style=\"text-align: justify;\">Indic\u00f3 que el sector industrial de Arica proporciona empleo a m\u00e1s de 10.000 personas, o sea, es una importante actividad econ\u00f3mica de la ciudad. Por lo tanto, \u201clo que solicitamos es que este barrio siga permaneciendo donde est\u00e1 y mejor\u00e1ndolo incluso\u201d, afirm\u00f3.<\/p>\n<p style=\"text-align: justify;\">Finalmente, Gallardo reconoci\u00f3 que el Barrio Industrial antiguo est\u00e1 deteriorado en su estructura, pero tambi\u00e9n que se puede mejorar y seguir aumentando la capacidad de los sitios que no est\u00e1n bien utilizados, para que se instalen nuevas industrias.<\/p>\n<p><img loading=\"lazy\" decoding=\"async\" class=\"size-medium wp-image-1023 alignleft\" src=\"https:\/\/www.asinda.cl\/wp-content\/uploads\/ASINDA-ALCALDE-1-300x169.jpg\" alt=\"\" width=\"300\" height=\"169\" srcset=\"https:\/\/www.asinda.cl\/wp-content\/uploads\/ASINDA-ALCALDE-1-300x169.jpg 300w, https:\/\/www.asinda.cl\/wp-content\/uploads\/ASINDA-ALCALDE-1-768x432.jpg 768w, https:\/\/www.asinda.cl\/wp-content\/uploads\/ASINDA-ALCALDE-1-1024x576.jpg 1024w, https:\/\/www.asinda.cl\/wp-content\/uploads\/ASINDA-ALCALDE-1.jpg 1469w\" sizes=\"auto, (max-width: 300px) 100vw, 300px\" \/><\/p>\n","protected":false},"excerpt":{"rendered":"<p>De aprobarse propuesta de empresa consultora podr\u00edan generarse cierres de plantas y despidos. La Asociaci\u00f3n de Industriales de Arica plante\u00f3 al Alcalde, Gerardo Esp\u00edndola, su \u201cpreocupaci\u00f3n extrema\u201d por los efectos negativos que pueda generar en el sector industrial de la ciudad el nuevo Plano Regulador comunal, que se encuentra en las \u00faltimas etapas para ser [&hellip;]<\/p>\n","protected":false},"author":1,"featured_media":0,"comment_status":"closed","ping_status":"closed","sticky":false,"template":"","format":"standard","meta":{"footnotes":""},"categories":[1],"tags":[],"class_list":["post-1022","post","type-post","status-publish","format-standard","hentry","category-sin-categoria"],"_links":{"self":[{"href":"https:\/\/www.asinda.cl\/index.php?rest_route=\/wp\/v2\/posts\/1022","targetHints":{"allow":["GET"]}}],"collection":[{"href":"https:\/\/www.asinda.cl\/index.php?rest_route=\/wp\/v2\/posts"}],"about":[{"href":"https:\/\/www.asinda.cl\/index.php?rest_route=\/wp\/v2\/types\/post"}],"author":[{"embeddable":true,"href":"https:\/\/www.asinda.cl\/index.php?rest_route=\/wp\/v2\/users\/1"}],"replies":[{"embeddable":true,"href":"https:\/\/www.asinda.cl\/index.php?rest_route=%2Fwp%2Fv2%2Fcomments&post=1022"}],"version-history":[{"count":1,"href":"https:\/\/www.asinda.cl\/index.php?rest_route=\/wp\/v2\/posts\/1022\/revisions"}],"predecessor-version":[{"id":1025,"href":"https:\/\/www.asinda.cl\/index.php?rest_route=\/wp\/v2\/posts\/1022\/revisions\/1025"}],"wp:attachment":[{"href":"https:\/\/www.asinda.cl\/index.php?rest_route=%2Fwp%2Fv2%2Fmedia&parent=1022"}],"wp:term":[{"taxonomy":"category","embeddable":true,"href":"https:\/\/www.asinda.cl\/index.php?rest_route=%2Fwp%2Fv2%2Fcategories&post=1022"},{"taxonomy":"post_tag","embeddable":true,"href":"https:\/\/www.asinda.cl\/index.php?rest_route=%2Fwp%2Fv2%2Ftags&post=1022"}],"curies":[{"name":"wp","href":"https:\/\/api.w.org\/{rel}","templated":true}]}}